{"id":1365,"date":"2020-08-31T14:58:21","date_gmt":"2020-08-31T14:58:21","guid":{"rendered":"http:\/\/www.iescarlessalvador.es\/?p=1365"},"modified":"2020-09-04T18:58:13","modified_gmt":"2020-09-04T18:58:13","slug":"inici-de-curs-2020-21","status":"publish","type":"post","link":"https:\/\/www.iescarlessalvador.es\/?p=1365","title":{"rendered":"inici de curs 2020-21"},"content":{"rendered":"\n<p>ATENCI\u00d3, CANVIS EN EL CALENDARI D&#8217;INCORPORACI\u00d3 DE L&#8217;ALUMNAT!!!<\/p>\n\n\n\n<p><\/p>\n\n\n\n<p><em><strong>DIVENDRES 4 DE SETEMBRE<\/strong><\/em><\/p>\n\n\n\n<p><strong>17:30 h<\/strong> &#8211; <strong>Reuni\u00f3 informativa<\/strong> sobre l&#8217;inici de curs escolar 2020-21 per als pares i mares de l\u2019alumnat de <strong>1r ESO<\/strong> per videoconfer\u00e8ncia MEET:<\/p>\n\n\n\n<p class=\"has-text-align-center\"><a href=\"https:\/\/meet.google.com\/bsi-dnpt-cem\">https:\/\/meet.google.com\/bsi-dnpt-cem<\/a><\/p>\n\n\n\n<p class=\"has-text-align-center\"><a href=\"https:\/\/www.iescarlessalvador.es\/wp-content\/uploads\/2020\/09\/2020_09_04_reunio_FAMILIES_INICI_CURS_20-21.pdf\">Presentaci\u00f3 mostrada en la reuni\u00f3<\/a><\/p>\n\n\n\n<p><strong>19:00 h \u2013 Reuni\u00f3 informativa<\/strong> per a les fam\u00edlies de l\u2019alumnat de la resta de cursos (<strong>2-4 ESO, FPB i Batxillerat<\/strong>) <\/p>\n\n\n\n<p class=\"has-text-align-center\"><a href=\"https:\/\/meet.google.com\/ibh-cmwd-ufq\">https:\/\/meet.google.com\/ibh-cmwd-ufq<\/a><\/p>\n\n\n\n<p>Publicarem ac\u00ed el llistat d&#8217;alumnat matriculat en cadascun dels nivells i grups.<\/p>\n\n\n\n<h4 class=\"wp-block-heading\"><strong>CALENDARI PREVIST D&#8217;INCORPORACI\u00d3 DE L&#8217;ALUMNAT AL CENTRE:<\/strong><\/h4>\n\n\n\n<p>L&#8217;alumnat acudir\u00e0 al centre amb una llibreta i bol\u00edgraf per prendre notes, una motxilla per emportar-se els llibres de text, i amb les mesures de seguretat establertes (mascareta, sense s\u00edmptomes COVID, etc) d&#8217;acord amb l&#8217;horari indicat a continuaci\u00f3.<\/p>\n\n\n\n<p>Una vegada finalitzada la reuni\u00f3, l&#8217;alumnat eixir\u00e0 del centre i el dia 11 de setembre s&#8217;iniciaran les classes amb l&#8217;horari establert per a tots els nivells i grups.<\/p>\n\n\n\n<p class=\"has-text-align-center has-medium-font-size\"><em><strong>DILLUNS 7 DE SETEMBRE<\/strong><\/em><\/p>\n\n\n\n<p class=\"has-text-align-center\"><strong>1r ESO A <\/strong>&#8211; 9:00 HORES<\/p>\n\n\n\n<p class=\"has-text-align-center\"><strong>1r ESO B <\/strong>&#8211; 9:30 HORES<\/p>\n\n\n\n<p class=\"has-text-align-center\"><strong>1r ESO C<\/strong> &#8211; 11:30 HORES<\/p>\n\n\n\n<p class=\"has-text-align-center\"><strong><strong>1r ESO D <\/strong>&#8211; <\/strong>12:00 HORES<\/p>\n\n\n\n<p><\/p>\n\n\n\n<p class=\"has-text-align-center has-medium-font-size\"><strong><em><strong>DIMARTS 8 DE SETEMBRE<\/strong><\/em><\/strong><\/p>\n\n\n\n<p class=\"has-text-align-center\"><strong>2n ESO A* + B<\/strong> &#8211;  9:00 HORES<\/p>\n\n\n\n<p class=\"has-text-align-center\"><strong>2n ESO C* + D <\/strong>+ <strong>2PAC<\/strong> &#8211; 9:30 HORES<\/p>\n\n\n\n<p class=\"has-text-align-center\"><strong>3r ESO A* + B<\/strong> &#8211; 11:30 HORES<\/p>\n\n\n\n<p class=\"has-text-align-center\"><strong><strong>3r ESO C* + D + PMAR <\/strong> &#8211; <\/strong>12:00 HORES<\/p>\n\n\n\n<p><\/p>\n\n\n\n<p class=\"has-text-align-center has-medium-font-size\"><strong><em><strong>DIMECRES 9 DE SETEMBRE<\/strong><\/em><\/strong><\/p>\n\n\n\n<p class=\"has-text-align-center\"><strong>4t ESO A* + B<\/strong> &#8211;  9:00 HORES<\/p>\n\n\n\n<p class=\"has-text-align-center\"><strong>4t ESO C* + D <\/strong>+ <strong>4PR<\/strong> &#8211; 9:30 HORES<\/p>\n\n\n\n<p><\/p>\n\n\n\n<p class=\"has-text-align-center has-medium-font-size\"><strong><em><strong>DIJOUS 10 DE SETEMBRE<\/strong><\/em><\/strong><\/p>\n\n\n\n<p class=\"has-text-align-center\"><strong>1r BATXILLERAT H* + C<\/strong> &#8211;  11:30 HORES<\/p>\n\n\n\n<p class=\"has-text-align-center\"><strong><strong>2n BATXILLERAT H* + C<\/strong> <\/strong>&#8211; 12:00 HORES<\/p>\n\n\n\n<p class=\"has-text-align-center\"><strong>1r* i 2n FPB <\/strong>&#8211; 13:00 HORES<\/p>\n\n\n\n<div class=\"wp-block-group\"><div class=\"wp-block-group__inner-container is-layout-flow wp-block-group-is-layout-flow\">\n<div class=\"wp-block-image\"><figure class=\"aligncenter size-large\"><img fetchpriority=\"high\" decoding=\"async\" width=\"675\" height=\"241\" src=\"https:\/\/www.iescarlessalvador.es\/wp-content\/uploads\/2020\/08\/calendario_incorporacion20-21-e1599151312668.png\" alt=\"\" class=\"wp-image-1380\"\/><\/figure><\/div>\n<\/div><\/div>\n\n\n\n<p>RECEPCI\u00d3 i SESSI\u00d3 D\u2019ACOLLIDA dirigida pel tutor o la tutora i membres de l\u2019Equip Directiu.<\/p>\n\n\n\n<ul class=\"wp-block-list\"><li>Visita pel Centre i explicaci\u00f3 de la nova senyalitzaci\u00f3 COVID<\/li><li>Sessi\u00f3 d\u2019Acollida amb el Tutor a l\u2019aula del grup<\/li><\/ul>\n\n\n\n<p>(*) Els grups marcats faran primer la visita guiada i despr\u00e9s la sessi\u00f3 amb el tutor.<\/p>\n\n\n\n<h4 class=\"wp-block-heading\"><strong>AULES UTILITZADES EN LA JORNADA D&#8217;ACOLLIDA<\/strong><\/h4>\n\n\n\n<div class=\"wp-block-group\"><div class=\"wp-block-group__inner-container is-layout-flow wp-block-group-is-layout-flow\">\n<figure class=\"wp-block-table is-style-stripes\"><table><tbody><tr><td class=\"has-text-align-center\" data-align=\"center\"><\/td><\/tr><tr><td class=\"has-text-align-center\" data-align=\"center\">GRUP<\/td><td>AULA<\/td><\/tr><tr><td class=\"has-text-align-center\" data-align=\"center\">1r ESO A<\/td><td>0.1<\/td><\/tr><tr><td class=\"has-text-align-center\" data-align=\"center\">1r ESO B<\/td><td>0.2<\/td><\/tr><tr><td class=\"has-text-align-center\" data-align=\"center\">1r ESO C<\/td><td>0.3<\/td><\/tr><tr><td class=\"has-text-align-center\" data-align=\"center\">1r ESO D<\/td><td>Sala Multiusos<\/td><\/tr><tr><td class=\"has-text-align-center\" data-align=\"center\">2n ESO A<\/td><td>2.2<\/td><\/tr><tr><td class=\"has-text-align-center\" data-align=\"center\">2n ESO B<\/td><td>2.3<\/td><\/tr><tr><td class=\"has-text-align-center\" data-align=\"center\">2n ESO C<\/td><td>2.4<\/td><\/tr><tr><td class=\"has-text-align-center\" data-align=\"center\">2n ESO D<\/td><td>2.5<\/td><\/tr><tr><td class=\"has-text-align-center\" data-align=\"center\">PAC<\/td><td>1.12<\/td><\/tr><tr><td class=\"has-text-align-center\" data-align=\"center\">3r ESO A<\/td><td>Sal\u00f3 d\u2019Actes<\/td><\/tr><tr><td class=\"has-text-align-center\" data-align=\"center\">3r ESO B<\/td><td>Sala Multiusos<\/td><\/tr><tr><td class=\"has-text-align-center\" data-align=\"center\">3r ESO C<\/td><td>Aula Pl\u00e0stica<\/td><\/tr><tr><td class=\"has-text-align-center\" data-align=\"center\">3r ESO D<\/td><td>Aula Tecnologia<\/td><\/tr><tr><td class=\"has-text-align-center\" data-align=\"center\">3r ESO PMAR<\/td><td>1.8<\/td><\/tr><tr><td class=\"has-text-align-center\" data-align=\"center\">4t ESO A<\/td><td>2.6<\/td><\/tr><tr><td class=\"has-text-align-center\" data-align=\"center\">4t ESO B<\/td><td>2.7<\/td><\/tr><tr><td class=\"has-text-align-center\" data-align=\"center\">4t ESO C<\/td><td>2.8<\/td><\/tr><tr><td class=\"has-text-align-center\" data-align=\"center\">PR4<\/td><td>1.10<\/td><\/tr><tr><td class=\"has-text-align-center\" data-align=\"center\">1r BAT \u2013 H<\/td><td>2.6<\/td><\/tr><tr><td class=\"has-text-align-center\" data-align=\"center\">1r BAT \u2013 C<\/td><td>2.7<\/td><\/tr><tr><td class=\"has-text-align-center\" data-align=\"center\">2n BAT \u2013 H<\/td><td>2.8<\/td><\/tr><tr><td class=\"has-text-align-center\" data-align=\"center\">2n BATX \u2013 C<\/td><td>Sal\u00f3 d\u2019Actes<\/td><\/tr><tr><td class=\"has-text-align-center\" data-align=\"center\">1r FPB<\/td><td>2.1 (INFO)<\/td><\/tr><tr><td class=\"has-text-align-center\" data-align=\"center\">2n FPB<\/td><td>1.4 (INFO)<\/td><\/tr><\/tbody><\/table><\/figure>\n<\/div><\/div>\n\n\n\n<p><\/p>\n","protected":false},"excerpt":{"rendered":"<p>ATENCI\u00d3, CANVIS EN EL CALENDARI D&#8217;INCORPORACI\u00d3 DE L&#8217;ALUMNAT!!! DIVENDRES 4 DE SETEMBRE 17:30 h &#8211; Reuni\u00f3 informativa sobre l&#8217;inici de curs escolar 2020-21 per als pares i mares de l\u2019alumnat de 1r ESO per videoconfer\u00e8ncia MEET: https:\/\/meet.google.com\/bsi-dnpt-cem Presentaci\u00f3 mostrada en la reuni\u00f3 19:00 h \u2013 Reuni\u00f3 informativa per a les fam\u00edlies de l\u2019alumnat de la&hellip;&nbsp;<a href=\"https:\/\/www.iescarlessalvador.es\/?p=1365\" class=\"\" rel=\"bookmark\">Leer m\u00e1s &raquo;<span class=\"screen-reader-text\">inici de curs 2020-21<\/span><\/a><\/p>\n","protected":false},"author":1,"featured_media":1380,"comment_status":"closed","ping_status":"closed","sticky":false,"template":"","format":"standard","meta":{"rop_custom_images_group":[],"rop_custom_messages_group":[],"rop_publish_now":"initial","rop_publish_now_accounts":[],"rop_publish_now_history":[],"rop_publish_now_status":"pending","neve_meta_sidebar":"","neve_meta_container":"","neve_meta_enable_content_width":"off","neve_meta_content_width":0,"neve_meta_title_alignment":"","neve_meta_author_avatar":"","neve_post_elements_order":"","neve_meta_disable_header":"","neve_meta_disable_footer":"","neve_meta_disable_title":"","footnotes":""},"categories":[13],"tags":[],"class_list":["post-1365","post","type-post","status-publish","format-standard","has-post-thumbnail","hentry","category-sin-categoria-ca"],"_links":{"self":[{"href":"https:\/\/www.iescarlessalvador.es\/index.php?rest_route=\/wp\/v2\/posts\/1365","targetHints":{"allow":["GET"]}}],"collection":[{"href":"https:\/\/www.iescarlessalvador.es\/index.php?rest_route=\/wp\/v2\/posts"}],"about":[{"href":"https:\/\/www.iescarlessalvador.es\/index.php?rest_route=\/wp\/v2\/types\/post"}],"author":[{"embeddable":true,"href":"https:\/\/www.iescarlessalvador.es\/index.php?rest_route=\/wp\/v2\/users\/1"}],"replies":[{"embeddable":true,"href":"https:\/\/www.iescarlessalvador.es\/index.php?rest_route=%2Fwp%2Fv2%2Fcomments&post=1365"}],"version-history":[{"count":6,"href":"https:\/\/www.iescarlessalvador.es\/index.php?rest_route=\/wp\/v2\/posts\/1365\/revisions"}],"predecessor-version":[{"id":1403,"href":"https:\/\/www.iescarlessalvador.es\/index.php?rest_route=\/wp\/v2\/posts\/1365\/revisions\/1403"}],"wp:featuredmedia":[{"embeddable":true,"href":"https:\/\/www.iescarlessalvador.es\/index.php?rest_route=\/wp\/v2\/media\/1380"}],"wp:attachment":[{"href":"https:\/\/www.iescarlessalvador.es\/index.php?rest_route=%2Fwp%2Fv2%2Fmedia&parent=1365"}],"wp:term":[{"taxonomy":"category","embeddable":true,"href":"https:\/\/www.iescarlessalvador.es\/index.php?rest_route=%2Fwp%2Fv2%2Fcategories&post=1365"},{"taxonomy":"post_tag","embeddable":true,"href":"https:\/\/www.iescarlessalvador.es\/index.php?rest_route=%2Fwp%2Fv2%2Ftags&post=1365"}],"curies":[{"name":"wp","href":"https:\/\/api.w.org\/{rel}","templated":true}]}}