{"id":1367,"date":"2020-08-31T15:16:36","date_gmt":"2020-08-31T15:16:36","guid":{"rendered":"http:\/\/www.iescarlessalvador.es\/?p=1367"},"modified":"2020-09-04T18:58:58","modified_gmt":"2020-09-04T18:58:58","slug":"inicio-curso-2020-21","status":"publish","type":"post","link":"https:\/\/www.iescarlessalvador.es\/?p=1367&lang=es","title":{"rendered":"inicio curso 2020-21"},"content":{"rendered":"\n<p><em><strong>VIERNES 4 DE SEPTIEMBRE<\/strong><\/em><\/p>\n\n\n\n<p><strong>17:30 h<\/strong> \u2013 <strong>Reuni\u00f3n informativa<\/strong> sobre el inicio de curso escolar 2020-21 para los padres y madres del alumnado de <strong>1\u00ba de ESO<\/strong> por videoconferencia MEET:<\/p>\n\n\n\n<p><a href=\"https:\/\/meet.google.com\/bsi-dnpt-cem\">https:\/\/meet.google.com\/bsi-dnpt-cem<\/a><\/p>\n\n\n\n<p class=\"has-text-align-center\"><a href=\"https:\/\/www.iescarlessalvador.es\/wp-content\/uploads\/2020\/09\/2020_09_04_reunio_FAMILIES_INICI_CURS_20-21.pdf\">Presentaci\u00f3n mostrada en la reuni\u00f3n<\/a><\/p>\n\n\n\n<p><strong>19:00 h \u2013 Reuni\u00f3n informativa<\/strong> sobre el inicio de curso escolar 2020-21 para las familias del alumnado del resto de cursos (<strong>2-4 ESO, FPB y Bachillerato<\/strong>)<\/p>\n\n\n\n<p><a href=\"https:\/\/meet.google.com\/ibh-cmwd-ufq\">https:\/\/meet.google.com\/ibh-cmwd-ufq<\/a><\/p>\n\n\n\n<p>Publicaremos aqu\u00ed el listado del alumnado matriculado en cada uno de los niveles y grupos.<\/p>\n\n\n\n<h4 class=\"wp-block-heading\"><strong>CALENDARIO PREVISTO DE INCORPORACI\u00d3N DEL ALUMNADO:<\/strong><\/h4>\n\n\n\n<p>El alumado acudir\u00e1 al centro con un cuaderno y un bol\u00edgrafo para tomar notas, unamochila para llevarse los libros de texto, y con las medidas de seguridad sanitaria establecidas (mascarilla, sin s\u00edntomas COVID, etc) de acuerdo con el horario indicado a continuaci\u00f3n.<\/p>\n\n\n\n<p>Una vez finalizada la reuni\u00f3n el alumnado saldr\u00e1 del centro y el d\u00eda 11 de septiembre se iniciar\u00e1n las clases para todo el alumnado del centro con el horario establecido.<\/p>\n\n\n\n<p class=\"has-text-align-center has-medium-font-size\"><strong><em><strong>LUNES<\/strong><\/em><\/strong><strong> 7 DE SE<\/strong><strong>PTIEM<\/strong><strong>BRE<\/strong><\/p>\n\n\n\n<p class=\"has-text-align-center\"><strong>1<\/strong><strong>\u00ba<\/strong><strong> ESO A <\/strong>&#8211; 9:00 HORAS<\/p>\n\n\n\n<p class=\"has-text-align-center\"><strong>1\u00ba ESO B <\/strong>&#8211; 9:30 HORAS<\/p>\n\n\n\n<p class=\"has-text-align-center\"><strong>1\u00ba ESO C<\/strong> &#8211; 11:30 HORAS<\/p>\n\n\n\n<p class=\"has-text-align-center\"><strong>1\u00ba ESO D &#8211; <\/strong>12:00 HORAS<\/p>\n\n\n\n<p><\/p>\n\n\n\n<p class=\"has-text-align-center has-medium-font-size\"><em><strong>MARTES<\/strong><\/em><em> 8 DE SEPTIEMBRE<\/em><\/p>\n\n\n\n<p class=\"has-text-align-center\"><strong>2\u00ba ESO A* + B<\/strong> &#8211; 9:00 HORAS<\/p>\n\n\n\n<p class=\"has-text-align-center\"><strong>2\u00ba ESO C* + D <\/strong>+ <strong>2PAC<\/strong> &#8211; 9:30 HORAS<\/p>\n\n\n\n<p class=\"has-text-align-center\"><strong>3\u00ba ESO A* + B<\/strong> &#8211; 11:30 HORAS<\/p>\n\n\n\n<p class=\"has-text-align-center\"><strong>3\u00ba ESO C* + D + PMAR &#8211; <\/strong>12:00 HORAS<\/p>\n\n\n\n<p class=\"has-text-align-center has-medium-font-size\"><em><strong>MI\u00c9RCOLES<\/strong><\/em><em> 9 DE SEPTIEMBRE<\/em><\/p>\n\n\n\n<p class=\"has-text-align-center\"><strong>4\u00ba ESO A* + B<\/strong> &#8211; 9:00 HORAS<\/p>\n\n\n\n<p class=\"has-text-align-center\"><strong>4\u00ba ESO C* + D <\/strong>+ <strong>4PR<\/strong> &#8211; 9:30 HORAS<\/p>\n\n\n\n<p class=\"has-text-align-center has-medium-font-size\"><em><strong>JUEVES<\/strong><\/em><em> 10 DE SEPTIEMBRE<\/em><\/p>\n\n\n\n<p class=\"has-text-align-center\"><strong>1\u00ba BATXILLERAT H* + C<\/strong> &#8211; 11:30 HORAS<\/p>\n\n\n\n<p class=\"has-text-align-center\"><strong>2\u00ba BATXILLERAT H* + C <\/strong>&#8211; 12:00 HORAS<\/p>\n\n\n\n<p class=\"has-text-align-center\"><strong>1\u00ba* i 2\u00ba FPB <\/strong>&#8211; 13:00 HORAS<\/p>\n\n\n\n<div class=\"wp-block-image\"><figure class=\"aligncenter size-large\"><img fetchpriority=\"high\" decoding=\"async\" width=\"675\" height=\"241\" src=\"https:\/\/www.iescarlessalvador.es\/wp-content\/uploads\/2020\/08\/calendario_incorporacion20-21-e1599151312668.png\" alt=\"\" class=\"wp-image-1380\"\/><\/figure><\/div>\n\n\n\n<p>RECEPCI\u00d3 i SESSI\u00d3 D\u2019ACOLLIDA dirigida pel tutor o la tutora i membres de l\u2019Equip Directiu.<\/p>\n\n\n\n<ul class=\"wp-block-list\"><li>Visita pel Centre i explicaci\u00f3 de la nova senyalitzaci\u00f3 COVID<\/li><li>Sessi\u00f3 d\u2019Acollida amb el Tutor a l\u2019aula del grup<\/li><\/ul>\n\n\n\n<p>(*) Els grups marcats faran primer la visita guiada i despr\u00e9s la sessi\u00f3 amb el tutor.<\/p>\n\n\n\n<h4 class=\"wp-block-heading\"><strong>AULES UTILITZADES EN LA JORNADA D&#8217;ACOLLIDA<\/strong><\/h4>\n\n\n\n<figure class=\"wp-block-table\"><table><tbody><tr><td><\/td><td><\/td><\/tr><tr><td>GRUPO<\/td><td>AULA<\/td><\/tr><tr><td>1\u00ba ESO A<\/td><td>0.1<\/td><\/tr><tr><td>1\u00ba ESO B<\/td><td>0.2<\/td><\/tr><tr><td>1\u00ba ESO C<\/td><td>0.3<\/td><\/tr><tr><td>1\u00ba ESO D<\/td><td>Sala Multiusos<\/td><\/tr><tr><td>2\u00ba ESO A<\/td><td>2.2<\/td><\/tr><tr><td>2\u00ba ESO B<\/td><td>2.3<\/td><\/tr><tr><td>2\u00ba ESO C<\/td><td>2.4<\/td><\/tr><tr><td>2\u00ba ESO D<\/td><td>2.5<\/td><\/tr><tr><td>PAC<\/td><td>1.12<\/td><\/tr><tr><td>3\u00ba ESO A<\/td><td>Sal\u00f3 d\u2019Actes<\/td><\/tr><tr><td>3\u00ba ESO B<\/td><td>Sala Multiusos<\/td><\/tr><tr><td>3\u00ba ESO C<\/td><td>Aula Pl\u00e0stica<\/td><\/tr><tr><td>3\u00ba ESO D<\/td><td>Aula Tecnologia<\/td><\/tr><tr><td>3\u00ba ESO PMAR<\/td><td>1.8<\/td><\/tr><tr><td>4\u00ba ESO A<\/td><td>2.6<\/td><\/tr><tr><td>4\u00ba ESO B<\/td><td>2.7<\/td><\/tr><tr><td>4\u00ba ESO C<\/td><td>2.8<\/td><\/tr><tr><td>PR4<\/td><td>1.10<\/td><\/tr><tr><td>1\u00ba BAT \u2013 H<\/td><td>2.6<\/td><\/tr><tr><td>1\u00ba BAT \u2013 C<\/td><td>2.7<\/td><\/tr><tr><td>2\u00ba BAT \u2013 H<\/td><td>2.8<\/td><\/tr><tr><td>2\u00ba BATX \u2013 C<\/td><td>Sal\u00f3 d\u2019Actes<\/td><\/tr><tr><td>1\u00ba FPB<\/td><td>2.1 (INFO)<\/td><\/tr><tr><td>2\u00ba FPB<\/td><td>1.4 (INFO)<\/td><\/tr><\/tbody><\/table><\/figure>\n\n\n\n<p>El alumnado acudir\u00e1 al centro con una libreta y bol\u00edgrafo para tomar notas, una mochila para llevarse los libros del banco, i con las medidas de seguridad establecidas (mascarilla, sin s\u00edntomas compatibles con COVID, etc.) de acuerdo con el horario que se establece a continuaci\u00f3n.<\/p>\n\n\n\n<p>Una vez finalizada la reuni\u00f3n, el alumnado saldr\u00e1 del centro y el viernes 11 de septiembre se iniciar\u00e1n las clases con el horario establecido para todos los niveles y etapas educativas.<\/p>\n","protected":false},"excerpt":{"rendered":"<p>VIERNES 4 DE SEPTIEMBRE 17:30 h \u2013 Reuni\u00f3n informativa sobre el inicio de curso escolar 2020-21 para los padres y madres del alumnado de 1\u00ba de ESO por videoconferencia MEET: https:\/\/meet.google.com\/bsi-dnpt-cem Presentaci\u00f3n mostrada en la reuni\u00f3n 19:00 h \u2013 Reuni\u00f3n informativa sobre el inicio de curso escolar 2020-21 para las familias del alumnado del resto&hellip;&nbsp;<a href=\"https:\/\/www.iescarlessalvador.es\/?p=1367&#038;lang=es\" class=\"\" rel=\"bookmark\">Leer m\u00e1s &raquo;<span class=\"screen-reader-text\">inicio curso 2020-21<\/span><\/a><\/p>\n","protected":false},"author":1,"featured_media":0,"comment_status":"closed","ping_status":"closed","sticky":false,"template":"","format":"standard","meta":{"rop_custom_images_group":[],"rop_custom_messages_group":[],"rop_publish_now":"initial","rop_publish_now_accounts":[],"rop_publish_now_history":[],"rop_publish_now_status":"pending","neve_meta_sidebar":"","neve_meta_container":"","neve_meta_enable_content_width":"off","neve_meta_content_width":0,"neve_meta_title_alignment":"","neve_meta_author_avatar":"","neve_post_elements_order":"","neve_meta_disable_header":"","neve_meta_disable_footer":"","neve_meta_disable_title":"","footnotes":""},"categories":[1],"tags":[],"class_list":["post-1367","post","type-post","status-publish","format-standard","hentry","category-sin-categoria"],"_links":{"self":[{"href":"https:\/\/www.iescarlessalvador.es\/index.php?rest_route=\/wp\/v2\/posts\/1367","targetHints":{"allow":["GET"]}}],"collection":[{"href":"https:\/\/www.iescarlessalvador.es\/index.php?rest_route=\/wp\/v2\/posts"}],"about":[{"href":"https:\/\/www.iescarlessalvador.es\/index.php?rest_route=\/wp\/v2\/types\/post"}],"author":[{"embeddable":true,"href":"https:\/\/www.iescarlessalvador.es\/index.php?rest_route=\/wp\/v2\/users\/1"}],"replies":[{"embeddable":true,"href":"https:\/\/www.iescarlessalvador.es\/index.php?rest_route=%2Fwp%2Fv2%2Fcomments&post=1367"}],"version-history":[{"count":9,"href":"https:\/\/www.iescarlessalvador.es\/index.php?rest_route=\/wp\/v2\/posts\/1367\/revisions"}],"predecessor-version":[{"id":1404,"href":"https:\/\/www.iescarlessalvador.es\/index.php?rest_route=\/wp\/v2\/posts\/1367\/revisions\/1404"}],"wp:attachment":[{"href":"https:\/\/www.iescarlessalvador.es\/index.php?rest_route=%2Fwp%2Fv2%2Fmedia&parent=1367"}],"wp:term":[{"taxonomy":"category","embeddable":true,"href":"https:\/\/www.iescarlessalvador.es\/index.php?rest_route=%2Fwp%2Fv2%2Fcategories&post=1367"},{"taxonomy":"post_tag","embeddable":true,"href":"https:\/\/www.iescarlessalvador.es\/index.php?rest_route=%2Fwp%2Fv2%2Ftags&post=1367"}],"curies":[{"name":"wp","href":"https:\/\/api.w.org\/{rel}","templated":true}]}}