{"id":1594,"date":"2020-11-05T16:21:40","date_gmt":"2020-11-05T16:21:40","guid":{"rendered":"http:\/\/www.iescarlessalvador.es\/?p=1594"},"modified":"2020-11-05T17:08:59","modified_gmt":"2020-11-05T17:08:59","slug":"ies-carles-salvador-en-un75","status":"publish","type":"post","link":"https:\/\/www.iescarlessalvador.es\/?p=1594","title":{"rendered":"L&#8217;IES Carles Salvador al un75"},"content":{"rendered":"\n<p>Les Nacions Unides celebren el seu 75\u00e9 aniversari en un moment en qu\u00e8 el m\u00f3n travessa grans trastorns, agreujats per una crisi sanit\u00e0ria mundial sense precedents que ocasiona greus repercussions econ\u00f2miques i socials. Eixirem m\u00e9s forts i millor preparats per a treballar junts? O creixeran la desconfian\u00e7a i l&#8217;a\u00efllament? L&#8217;any 2020 ha de ser un any de di\u00e0leg, en el que, com a fam\u00edlia humana, ens reunim per a parlar sobre les nostres prioritats i sobre la forma de construir un futur millor per a tots. <\/p>\n\n\n\n<p>Enguany les Nacions Unides van celebrar el seu aniversari amb un anunci especial del secretari general. Este Dia de les Nacions Unides tamb\u00e9 marca el comen\u00e7ament de les nostres activitats per a celebrar el 75\u00ba&amp;nbsp;aniversario de les Nacions Unides. En 2020 iniciarem la major conversaci\u00f3 mundial de la hist\u00f2ria sobre el paper que complix la cooperaci\u00f3 internacional en la construcci\u00f3 del futur que volem. <\/p>\n\n\n\n<p>L&#8217;anunci va suscitar inter\u00e9s a nivell mundial: distintes personalitats influents, l\u00edders pol\u00edtics, organitzacions juvenils, ONGs, centres d&#8217;estudi i altres agents de tot el m\u00f3n van comen\u00e7ar a difondre els materials d&#8217;ONU75 en nou idiomes. Les publicacions en els mitjans socials etiquetades amb #ONU75 van arribar a milions de persones en distints punts del planeta, y&amp;nbsp;medios de comunicaci\u00f3 mundials han publicat articles destacant la iniciativa.<\/p>\n\n\n\n<p>Alumnat de l&#8217;assignatura de m\u00fasica del centre ha col\u00b7laborat amb Nacions Unides en la realitzaci\u00f3 d&#8217;un v\u00eddeo que es va projectar en aquest event. <\/p>\n\n\n\n<p>L&#8217;enlla\u00e7 al v\u00eddeo complet \u00e9s aquest: <a href=\"https:\/\/75aniversarioun.siteonsite.es\/salas\/73\">https:\/\/75aniversarioun.siteonsite.es\/salas\/73<\/a><\/p>\n\n\n\n<p>(Cap al minut 18 podeu veure l&#8217;actuaci\u00f3 de l&#8217;alumnat del centre.)<\/p>\n","protected":false},"excerpt":{"rendered":"<p>Les Nacions Unides celebren el seu 75\u00e9 aniversari en un moment en qu\u00e8 el m\u00f3n travessa grans trastorns, agreujats per una crisi sanit\u00e0ria mundial sense precedents que ocasiona greus repercussions econ\u00f2miques i socials. Eixirem m\u00e9s forts i millor preparats per a treballar junts? O creixeran la desconfian\u00e7a i l&#8217;a\u00efllament? L&#8217;any 2020 ha de ser un&hellip;&nbsp;<a href=\"https:\/\/www.iescarlessalvador.es\/?p=1594\" class=\"\" rel=\"bookmark\">Leer m\u00e1s &raquo;<span class=\"screen-reader-text\">L&#8217;IES Carles Salvador al un75<\/span><\/a><\/p>\n","protected":false},"author":1,"featured_media":1596,"comment_status":"closed","ping_status":"closed","sticky":false,"template":"","format":"standard","meta":{"rop_custom_images_group":[],"rop_custom_messages_group":[],"rop_publish_now":"initial","rop_publish_now_accounts":[],"rop_publish_now_history":[],"rop_publish_now_status":"pending","neve_meta_sidebar":"","neve_meta_container":"","neve_meta_enable_content_width":"off","neve_meta_content_width":0,"neve_meta_title_alignment":"","neve_meta_author_avatar":"","neve_post_elements_order":"","neve_meta_disable_header":"","neve_meta_disable_footer":"","neve_meta_disable_title":"","footnotes":""},"categories":[13],"tags":[],"class_list":["post-1594","post","type-post","status-publish","format-standard","has-post-thumbnail","hentry","category-sin-categoria-ca"],"_links":{"self":[{"href":"https:\/\/www.iescarlessalvador.es\/index.php?rest_route=\/wp\/v2\/posts\/1594","targetHints":{"allow":["GET"]}}],"collection":[{"href":"https:\/\/www.iescarlessalvador.es\/index.php?rest_route=\/wp\/v2\/posts"}],"about":[{"href":"https:\/\/www.iescarlessalvador.es\/index.php?rest_route=\/wp\/v2\/types\/post"}],"author":[{"embeddable":true,"href":"https:\/\/www.iescarlessalvador.es\/index.php?rest_route=\/wp\/v2\/users\/1"}],"replies":[{"embeddable":true,"href":"https:\/\/www.iescarlessalvador.es\/index.php?rest_route=%2Fwp%2Fv2%2Fcomments&post=1594"}],"version-history":[{"count":6,"href":"https:\/\/www.iescarlessalvador.es\/index.php?rest_route=\/wp\/v2\/posts\/1594\/revisions"}],"predecessor-version":[{"id":1608,"href":"https:\/\/www.iescarlessalvador.es\/index.php?rest_route=\/wp\/v2\/posts\/1594\/revisions\/1608"}],"wp:featuredmedia":[{"embeddable":true,"href":"https:\/\/www.iescarlessalvador.es\/index.php?rest_route=\/wp\/v2\/media\/1596"}],"wp:attachment":[{"href":"https:\/\/www.iescarlessalvador.es\/index.php?rest_route=%2Fwp%2Fv2%2Fmedia&parent=1594"}],"wp:term":[{"taxonomy":"category","embeddable":true,"href":"https:\/\/www.iescarlessalvador.es\/index.php?rest_route=%2Fwp%2Fv2%2Fcategories&post=1594"},{"taxonomy":"post_tag","embeddable":true,"href":"https:\/\/www.iescarlessalvador.es\/index.php?rest_route=%2Fwp%2Fv2%2Ftags&post=1594"}],"curies":[{"name":"wp","href":"https:\/\/api.w.org\/{rel}","templated":true}]}}