{"id":1599,"date":"2020-11-05T16:31:00","date_gmt":"2020-11-05T16:31:00","guid":{"rendered":"http:\/\/www.iescarlessalvador.es\/?p=1599"},"modified":"2020-11-05T17:06:51","modified_gmt":"2020-11-05T17:06:51","slug":"el-ies-carles-salvador-en-el-un75","status":"publish","type":"post","link":"https:\/\/www.iescarlessalvador.es\/?p=1599&lang=es","title":{"rendered":"el IES Carles Salvador en el un75"},"content":{"rendered":"\n<p>Las Naciones Unidas celebran su 75\u00ba aniversario en un momento en el que el mundo atraviesa grandes trastornos, agravados por una crisis sanitaria mundial sin precedentes que acarrea graves repercusiones econ\u00f3micas y sociales. \u00bfSaldremos m\u00e1s fuertes y mejor preparados para trabajar juntos? \u00bfO crecer\u00e1n la desconfianza y el aislamiento? El a\u00f1o 2020 debe ser un a\u00f1o de di\u00e1logo, en el que, como familia humana, nos reunamos para hablar sobre nuestras prioridades y sobre la forma de construir un futuro mejor para todos.<\/p>\n\n\n\n<p>Este a\u00f1o las Naciones Unidas celebraron su aniversario con un anuncio especial del Secretario General: \u201cEste D\u00eda de las Naciones Unidas tambi\u00e9n marca el comienzo de nuestras actividades para celebrar el 75\u00ba&nbsp;aniversario de las Naciones Unidas. En 2020 iniciaremos la mayor conversaci\u00f3n mundial de la historia sobre el papel que cumple la cooperaci\u00f3n internacional en la construcci\u00f3n del futuro que queremos\u201d.<\/p>\n\n\n\n<p>El anuncio suscit\u00f3 inter\u00e9s a nivel mundial: distintas personalidades influyentes, l\u00edderes pol\u00edticos, organizaciones juveniles, ONGs, centros de estudio y otros agentes de todo el mundo empezaron a difundir los materiales de ONU75&nbsp;en nueve idiomas. Las publicaciones en los medios sociales etiquetadas con #ONU75 llegaron a millones de personas en distintos puntos del planeta, y&nbsp;medios de comunicaci\u00f3n mundiales han publicado art\u00edculos destacando la iniciativa.&nbsp;<\/p>\n\n\n\n<p>Sigue creciendo el entusiasmo a medida que se acerca ONU75,&nbsp;en enero de 2020.<\/p>\n\n\n\n<p>Alumnado de la asignatura de m\u00fasica del centro ha colaborado con Naciones Unidas en la realizaci\u00f3n de un v\u00eddeo que se proyect\u00f3 en celebraci\u00f3n de este evento. <\/p>\n\n\n\n<p>El enlace al v\u00eddeo completo es este: <a href=\"https:\/\/75aniversarioun.siteonsite.es\/salas\/73\">https:\/\/75aniversarioun.siteonsite.es\/salas\/73<\/a><\/p>\n\n\n\n<p>(hacia el minuto 18 podeis ver la actuaci\u00f3n del alumnado del centro)<\/p>\n","protected":false},"excerpt":{"rendered":"<p>Las Naciones Unidas celebran su 75\u00ba aniversario en un momento en el que el mundo atraviesa grandes trastornos, agravados por una crisis sanitaria mundial sin precedentes que acarrea graves repercusiones econ\u00f3micas y sociales. \u00bfSaldremos m\u00e1s fuertes y mejor preparados para trabajar juntos? \u00bfO crecer\u00e1n la desconfianza y el aislamiento? El a\u00f1o 2020 debe ser un&hellip;&nbsp;<a href=\"https:\/\/www.iescarlessalvador.es\/?p=1599&#038;lang=es\" class=\"\" rel=\"bookmark\">Leer m\u00e1s &raquo;<span class=\"screen-reader-text\">el IES Carles Salvador en el un75<\/span><\/a><\/p>\n","protected":false},"author":1,"featured_media":1596,"comment_status":"closed","ping_status":"closed","sticky":false,"template":"","format":"standard","meta":{"rop_custom_images_group":[],"rop_custom_messages_group":[],"rop_publish_now":"initial","rop_publish_now_accounts":[],"rop_publish_now_history":[],"rop_publish_now_status":"pending","neve_meta_sidebar":"","neve_meta_container":"","neve_meta_enable_content_width":"off","neve_meta_content_width":0,"neve_meta_title_alignment":"","neve_meta_author_avatar":"","neve_post_elements_order":"","neve_meta_disable_header":"","neve_meta_disable_footer":"","neve_meta_disable_title":"","footnotes":""},"categories":[34],"tags":[],"class_list":["post-1599","post","type-post","status-publish","format-standard","has-post-thumbnail","hentry","category-noticias"],"_links":{"self":[{"href":"https:\/\/www.iescarlessalvador.es\/index.php?rest_route=\/wp\/v2\/posts\/1599","targetHints":{"allow":["GET"]}}],"collection":[{"href":"https:\/\/www.iescarlessalvador.es\/index.php?rest_route=\/wp\/v2\/posts"}],"about":[{"href":"https:\/\/www.iescarlessalvador.es\/index.php?rest_route=\/wp\/v2\/types\/post"}],"author":[{"embeddable":true,"href":"https:\/\/www.iescarlessalvador.es\/index.php?rest_route=\/wp\/v2\/users\/1"}],"replies":[{"embeddable":true,"href":"https:\/\/www.iescarlessalvador.es\/index.php?rest_route=%2Fwp%2Fv2%2Fcomments&post=1599"}],"version-history":[{"count":4,"href":"https:\/\/www.iescarlessalvador.es\/index.php?rest_route=\/wp\/v2\/posts\/1599\/revisions"}],"predecessor-version":[{"id":1607,"href":"https:\/\/www.iescarlessalvador.es\/index.php?rest_route=\/wp\/v2\/posts\/1599\/revisions\/1607"}],"wp:featuredmedia":[{"embeddable":true,"href":"https:\/\/www.iescarlessalvador.es\/index.php?rest_route=\/wp\/v2\/media\/1596"}],"wp:attachment":[{"href":"https:\/\/www.iescarlessalvador.es\/index.php?rest_route=%2Fwp%2Fv2%2Fmedia&parent=1599"}],"wp:term":[{"taxonomy":"category","embeddable":true,"href":"https:\/\/www.iescarlessalvador.es\/index.php?rest_route=%2Fwp%2Fv2%2Fcategories&post=1599"},{"taxonomy":"post_tag","embeddable":true,"href":"https:\/\/www.iescarlessalvador.es\/index.php?rest_route=%2Fwp%2Fv2%2Ftags&post=1599"}],"curies":[{"name":"wp","href":"https:\/\/api.w.org\/{rel}","templated":true}]}}