{"id":1727,"date":"2021-01-21T21:05:12","date_gmt":"2021-01-21T21:05:12","guid":{"rendered":"http:\/\/www.iescarlessalvador.es\/?p=1727"},"modified":"2021-01-21T21:05:14","modified_gmt":"2021-01-21T21:05:14","slug":"lies-carles-salvador-amb-la-xvii-cursa-solidaria-qm-de-solidaritat-de-save-the-children","status":"publish","type":"post","link":"https:\/\/www.iescarlessalvador.es\/?p=1727","title":{"rendered":"L&#8217;IES Carles Salvador amb la XVII cursa solid\u00e0ria QM DE SOLIDARItat dE \u201cSAVE THE CHILDREN\u201d"},"content":{"rendered":"\n<figure class=\"wp-block-image size-large\"><img fetchpriority=\"high\" decoding=\"async\" width=\"768\" height=\"1024\" src=\"https:\/\/www.iescarlessalvador.es\/wp-content\/uploads\/2021\/01\/Foto-de-jose-vicente-garrigues-768x1024.jpg\" alt=\"\" class=\"wp-image-1725\" srcset=\"https:\/\/www.iescarlessalvador.es\/wp-content\/uploads\/2021\/01\/Foto-de-jose-vicente-garrigues-768x1024.jpg 768w, https:\/\/www.iescarlessalvador.es\/wp-content\/uploads\/2021\/01\/Foto-de-jose-vicente-garrigues-225x300.jpg 225w, https:\/\/www.iescarlessalvador.es\/wp-content\/uploads\/2021\/01\/Foto-de-jose-vicente-garrigues-1152x1536.jpg 1152w, https:\/\/www.iescarlessalvador.es\/wp-content\/uploads\/2021\/01\/Foto-de-jose-vicente-garrigues.jpg 1536w\" sizes=\"(max-width: 768px) 100vw, 768px\" \/><\/figure>\n\n\n\n<p>INTRODUCCI\u00d3:<br>El nostre centre educatiu IES Carles Salvador a Aldaia \u00e9s Centre Ambaixador i porta molts anys participant en la carrera solid\u00e0ria que promociona <strong>Save the Children <\/strong>. Aquest any de pand\u00e8mia no vol\u00edem deixar de fer-lo, aix\u00ed que hem dissenyat un format DE CARRERA VIRTUAL que volem compartir amb vosaltres.<br><\/p>\n\n\n\n<p>EL NOSTRE OBJECTIU: Construir amb la teua participaci\u00f3 una societat m\u00e9s justa i sostenible.<br><\/p>\n\n\n\n<p>DISSENY DE LA CURSA:<br>En aquesta XVII edici\u00f3, volem incloure en la carrera virtual al total de l&#8217;alumnat del centre, professorat i fam\u00edlies. Durant el segon trimestre es duran a terme les seg\u00fcents accions:Informaci\u00f3 a l&#8217;alumnat, en les classes d&#8217;educaci\u00f3 f\u00edsica, a les seues fam\u00edlies, a trav\u00e9s de la p\u00e0gina web del centre, aix\u00ed com al professorat de l&#8217;organitzaci\u00f3 de la carrera.<\/p>\n\n\n\n<p>Lliurament de carnets perqu\u00e8 especifiquen la quantitat que aportaran per cada qm realitzat caminant, corrent, amb bicicleta\u2026<\/p>\n\n\n\n<p>Inici de l&#8217;activitat solid\u00e0ria gravant amb un dispositiu els quil\u00f2metres realitzats. Les aplicacions poden ser del m\u00f2bil (Strava, per exemple), rellotge (fan foto per a veure el realitzat), cinta de c\u00f3rrer o unes altres.<\/p>\n\n\n\n<p>Es fan una foto realitzant la carrera de manera individual, en fam\u00edlia o en xicotets grups. Important que es veja el dorsal de *Save *the *Children (poden fer-la d&#8217;esquena tamb\u00e9)<\/p>\n\n\n\n<p>Presenten al professorat d&#8217;educaci\u00f3 f\u00edsica testimoniatge de fotos i km realitzats i s&#8217;anota en el seu carnet l&#8217;aportaci\u00f3 de diners aconseguida, que depositaran en una urna o caixa segura.<\/p>\n\n\n\n<p>Es recull de manera digital una mostra representativa de les carreres realitzades (fotos i quil\u00f2metres) per a fer posteriorment la difusi\u00f3.<br><\/p>\n\n\n\n<p>EDUCACI\u00d3 VERSUS SOLIDARITAT. DONEM VISIBILITAT Al REALITZAT<\/p>\n\n\n\n<p>Jornada de tallers a l&#8217;aula on es treballar\u00e0 la import\u00e0ncia de la solidaritat i un m\u00f3n m\u00e9s sostenible. Utilitzaci\u00f3 del material did\u00e0ctic de Save the Children.<\/p>\n\n\n\n<p>Difusi\u00f3 del realitzat per la web del centre, p\u00e0gina de l&#8217;ajuntament, xarxes socials i panells d&#8217;exposici\u00f3 en el centre on es recullen les fotos documentant la carrera i les conclusions, les idees i els compromisos sorgits de les jornades educatives\/solid\u00e0ries.<\/p>\n","protected":false},"excerpt":{"rendered":"<p>INTRODUCCI\u00d3:El nostre centre educatiu IES Carles Salvador a Aldaia \u00e9s Centre Ambaixador i porta molts anys participant en la carrera solid\u00e0ria que promociona Save the Children . Aquest any de pand\u00e8mia no vol\u00edem deixar de fer-lo, aix\u00ed que hem dissenyat un format DE CARRERA VIRTUAL que volem compartir amb vosaltres. EL NOSTRE OBJECTIU: Construir amb&hellip;&nbsp;<a href=\"https:\/\/www.iescarlessalvador.es\/?p=1727\" class=\"\" rel=\"bookmark\">Leer m\u00e1s &raquo;<span class=\"screen-reader-text\">L&#8217;IES Carles Salvador amb la XVII cursa solid\u00e0ria QM DE SOLIDARItat dE \u201cSAVE THE CHILDREN\u201d<\/span><\/a><\/p>\n","protected":false},"author":1,"featured_media":0,"comment_status":"closed","ping_status":"closed","sticky":false,"template":"","format":"standard","meta":{"rop_custom_images_group":[],"rop_custom_messages_group":[],"rop_publish_now":"initial","rop_publish_now_accounts":[],"rop_publish_now_history":[],"rop_publish_now_status":"pending","neve_meta_sidebar":"","neve_meta_container":"","neve_meta_enable_content_width":"off","neve_meta_content_width":0,"neve_meta_title_alignment":"","neve_meta_author_avatar":"","neve_post_elements_order":"","neve_meta_disable_header":"","neve_meta_disable_footer":"","neve_meta_disable_title":"","footnotes":""},"categories":[13],"tags":[],"class_list":["post-1727","post","type-post","status-publish","format-standard","hentry","category-sin-categoria-ca"],"_links":{"self":[{"href":"https:\/\/www.iescarlessalvador.es\/index.php?rest_route=\/wp\/v2\/posts\/1727","targetHints":{"allow":["GET"]}}],"collection":[{"href":"https:\/\/www.iescarlessalvador.es\/index.php?rest_route=\/wp\/v2\/posts"}],"about":[{"href":"https:\/\/www.iescarlessalvador.es\/index.php?rest_route=\/wp\/v2\/types\/post"}],"author":[{"embeddable":true,"href":"https:\/\/www.iescarlessalvador.es\/index.php?rest_route=\/wp\/v2\/users\/1"}],"replies":[{"embeddable":true,"href":"https:\/\/www.iescarlessalvador.es\/index.php?rest_route=%2Fwp%2Fv2%2Fcomments&post=1727"}],"version-history":[{"count":1,"href":"https:\/\/www.iescarlessalvador.es\/index.php?rest_route=\/wp\/v2\/posts\/1727\/revisions"}],"predecessor-version":[{"id":1730,"href":"https:\/\/www.iescarlessalvador.es\/index.php?rest_route=\/wp\/v2\/posts\/1727\/revisions\/1730"}],"wp:attachment":[{"href":"https:\/\/www.iescarlessalvador.es\/index.php?rest_route=%2Fwp%2Fv2%2Fmedia&parent=1727"}],"wp:term":[{"taxonomy":"category","embeddable":true,"href":"https:\/\/www.iescarlessalvador.es\/index.php?rest_route=%2Fwp%2Fv2%2Fcategories&post=1727"},{"taxonomy":"post_tag","embeddable":true,"href":"https:\/\/www.iescarlessalvador.es\/index.php?rest_route=%2Fwp%2Fv2%2Ftags&post=1727"}],"curies":[{"name":"wp","href":"https:\/\/api.w.org\/{rel}","templated":true}]}}