{"id":1750,"date":"2021-02-08T19:34:58","date_gmt":"2021-02-08T19:34:58","guid":{"rendered":"http:\/\/www.iescarlessalvador.es\/?p=1750"},"modified":"2021-02-08T19:40:40","modified_gmt":"2021-02-08T19:40:40","slug":"enquesta-us-de-les-llengues","status":"publish","type":"post","link":"https:\/\/www.iescarlessalvador.es\/?p=1750","title":{"rendered":"Enquesta \u00fas de les lleng\u00fces"},"content":{"rendered":"\n<p>Per tal de realitzar el nostre Projecte Ling\u00fc\u00edstic de Centre cal analitzar l&#8217;\u00fas que se fa de les lleng\u00fces per part de l&#8217;alumnat i les fam\u00edlies. <\/p>\n\n\n\n<p>He d&#8217;emplenar aquest <a href=\"https:\/\/docs.google.com\/forms\/d\/1Xa8iBMxkk-qCQqQ7HkddoG-RvMKvos1g-BvgFvyVSBs\/edit?usp=sharing\">q\u00fcestionari<\/a><\/p>\n\n\n\n<p>Recordeu en finalitzar polsar el bot\u00f3 \u00abENVIAR\u00bb<\/p>\n\n\n\n<p><\/p>\n","protected":false},"excerpt":{"rendered":"<p>Per tal de realitzar el nostre Projecte Ling\u00fc\u00edstic de Centre cal analitzar l&#8217;\u00fas que se fa de les lleng\u00fces per part de l&#8217;alumnat i les fam\u00edlies. He d&#8217;emplenar aquest q\u00fcestionari Recordeu en finalitzar polsar el bot\u00f3 \u00abENVIAR\u00bb<\/p>\n","protected":false},"author":1,"featured_media":0,"comment_status":"closed","ping_status":"closed","sticky":false,"template":"","format":"standard","meta":{"rop_custom_images_group":[],"rop_custom_messages_group":[],"rop_publish_now":"initial","rop_publish_now_accounts":[],"rop_publish_now_history":[],"rop_publish_now_status":"pending","neve_meta_sidebar":"","neve_meta_container":"","neve_meta_enable_content_width":"off","neve_meta_content_width":0,"neve_meta_title_alignment":"","neve_meta_author_avatar":"","neve_post_elements_order":"","neve_meta_disable_header":"","neve_meta_disable_footer":"","neve_meta_disable_title":"","footnotes":""},"categories":[13],"tags":[],"class_list":["post-1750","post","type-post","status-publish","format-standard","hentry","category-sin-categoria-ca"],"_links":{"self":[{"href":"https:\/\/www.iescarlessalvador.es\/index.php?rest_route=\/wp\/v2\/posts\/1750","targetHints":{"allow":["GET"]}}],"collection":[{"href":"https:\/\/www.iescarlessalvador.es\/index.php?rest_route=\/wp\/v2\/posts"}],"about":[{"href":"https:\/\/www.iescarlessalvador.es\/index.php?rest_route=\/wp\/v2\/types\/post"}],"author":[{"embeddable":true,"href":"https:\/\/www.iescarlessalvador.es\/index.php?rest_route=\/wp\/v2\/users\/1"}],"replies":[{"embeddable":true,"href":"https:\/\/www.iescarlessalvador.es\/index.php?rest_route=%2Fwp%2Fv2%2Fcomments&post=1750"}],"version-history":[{"count":2,"href":"https:\/\/www.iescarlessalvador.es\/index.php?rest_route=\/wp\/v2\/posts\/1750\/revisions"}],"predecessor-version":[{"id":1752,"href":"https:\/\/www.iescarlessalvador.es\/index.php?rest_route=\/wp\/v2\/posts\/1750\/revisions\/1752"}],"wp:attachment":[{"href":"https:\/\/www.iescarlessalvador.es\/index.php?rest_route=%2Fwp%2Fv2%2Fmedia&parent=1750"}],"wp:term":[{"taxonomy":"category","embeddable":true,"href":"https:\/\/www.iescarlessalvador.es\/index.php?rest_route=%2Fwp%2Fv2%2Fcategories&post=1750"},{"taxonomy":"post_tag","embeddable":true,"href":"https:\/\/www.iescarlessalvador.es\/index.php?rest_route=%2Fwp%2Fv2%2Ftags&post=1750"}],"curies":[{"name":"wp","href":"https:\/\/api.w.org\/{rel}","templated":true}]}}