{"id":1757,"date":"2021-02-15T08:58:38","date_gmt":"2021-02-15T08:58:38","guid":{"rendered":"http:\/\/www.iescarlessalvador.es\/?p=1757"},"modified":"2021-02-15T09:03:41","modified_gmt":"2021-02-15T09:03:41","slug":"participacio-al-ii-congres-dhumanitats-ciencies-socials-i-educacio","status":"publish","type":"post","link":"https:\/\/www.iescarlessalvador.es\/?p=1757","title":{"rendered":"Participaci\u00f3 al II Congr\u00e9s d&#8217;Humanitats, Ci\u00e8ncies Socials i Educaci\u00f3"},"content":{"rendered":"\n<p>El professor d&#8217;economia de l&#8217;IES Carles Salvador, Miguel \u00c1ngel Garc\u00eda, participa al Congr\u00e9s d&#8217;actualitzaci\u00f3 cient\u00edfica, did\u00e0ctica i metodol\u00f2gica EN HUMANITATS I CI\u00c8NCIES SOCIALS que tindr\u00e0 lloc els dies <strong>22, 23, 24 i 25 de mar\u00e7 de 2021<\/strong>. <\/p>\n\n\n\n<p>Mes informaci\u00f3 <a href=\"https:\/\/portal.edu.gva.es\/cefireambithis\/va\/recursos-i-experiencies\/congressos\/ii-congres-his\/\">ac\u00ed<\/a><\/p>\n","protected":false},"excerpt":{"rendered":"<p>El professor d&#8217;economia de l&#8217;IES Carles Salvador, Miguel \u00c1ngel Garc\u00eda, participa al Congr\u00e9s d&#8217;actualitzaci\u00f3 cient\u00edfica, did\u00e0ctica i metodol\u00f2gica EN HUMANITATS I CI\u00c8NCIES SOCIALS que tindr\u00e0 lloc els dies 22, 23, 24 i 25 de mar\u00e7 de 2021. Mes informaci\u00f3 ac\u00ed<\/p>\n","protected":false},"author":1,"featured_media":0,"comment_status":"closed","ping_status":"closed","sticky":false,"template":"","format":"standard","meta":{"rop_custom_images_group":[],"rop_custom_messages_group":[],"rop_publish_now":"initial","rop_publish_now_accounts":[],"rop_publish_now_history":[],"rop_publish_now_status":"pending","neve_meta_sidebar":"","neve_meta_container":"","neve_meta_enable_content_width":"off","neve_meta_content_width":0,"neve_meta_title_alignment":"","neve_meta_author_avatar":"","neve_post_elements_order":"","neve_meta_disable_header":"","neve_meta_disable_footer":"","neve_meta_disable_title":"","footnotes":""},"categories":[13],"tags":[],"class_list":["post-1757","post","type-post","status-publish","format-standard","hentry","category-sin-categoria-ca"],"_links":{"self":[{"href":"https:\/\/www.iescarlessalvador.es\/index.php?rest_route=\/wp\/v2\/posts\/1757","targetHints":{"allow":["GET"]}}],"collection":[{"href":"https:\/\/www.iescarlessalvador.es\/index.php?rest_route=\/wp\/v2\/posts"}],"about":[{"href":"https:\/\/www.iescarlessalvador.es\/index.php?rest_route=\/wp\/v2\/types\/post"}],"author":[{"embeddable":true,"href":"https:\/\/www.iescarlessalvador.es\/index.php?rest_route=\/wp\/v2\/users\/1"}],"replies":[{"embeddable":true,"href":"https:\/\/www.iescarlessalvador.es\/index.php?rest_route=%2Fwp%2Fv2%2Fcomments&post=1757"}],"version-history":[{"count":1,"href":"https:\/\/www.iescarlessalvador.es\/index.php?rest_route=\/wp\/v2\/posts\/1757\/revisions"}],"predecessor-version":[{"id":1758,"href":"https:\/\/www.iescarlessalvador.es\/index.php?rest_route=\/wp\/v2\/posts\/1757\/revisions\/1758"}],"wp:attachment":[{"href":"https:\/\/www.iescarlessalvador.es\/index.php?rest_route=%2Fwp%2Fv2%2Fmedia&parent=1757"}],"wp:term":[{"taxonomy":"category","embeddable":true,"href":"https:\/\/www.iescarlessalvador.es\/index.php?rest_route=%2Fwp%2Fv2%2Fcategories&post=1757"},{"taxonomy":"post_tag","embeddable":true,"href":"https:\/\/www.iescarlessalvador.es\/index.php?rest_route=%2Fwp%2Fv2%2Ftags&post=1757"}],"curies":[{"name":"wp","href":"https:\/\/api.w.org\/{rel}","templated":true}]}}