{"id":1759,"date":"2021-02-15T08:59:46","date_gmt":"2021-02-15T08:59:46","guid":{"rendered":"http:\/\/www.iescarlessalvador.es\/?p=1759"},"modified":"2021-02-15T09:03:12","modified_gmt":"2021-02-15T09:03:12","slug":"participacion-en-el-ii-congreso-de-humanidades-ciencia-sociales-y-educacion","status":"publish","type":"post","link":"https:\/\/www.iescarlessalvador.es\/?p=1759&lang=es","title":{"rendered":"Participaci\u00f3n en el II CongrESO dE HUMANIDADES, CIENCIA SOCIALES Y EDUCACI\u00d3N"},"content":{"rendered":"\n<p>El profesor de econom\u00eda del IES Carles Salvador, Miguel \u00c1ngel Garc\u00eda, participa en el Congreso de actualizaci\u00f3n cient\u00edfica, did\u00e1ctica y metodol\u00f3gica EN HUMANIDADES Y CIENCIAS SOCIALES que se realizar\u00e1 los d\u00edas <strong>22, 23, 24 y 25 de marzo de 2021<\/strong>. <\/p>\n\n\n\n<p>M\u00e1s informaci\u00f3n <a href=\"https:\/\/portal.edu.gva.es\/cefireambithis\/es\/recursos-y-experiencias\/congresos\/ii-congreso-his\/\">aqu\u00ed<\/a><\/p>\n","protected":false},"excerpt":{"rendered":"<p>El profesor de econom\u00eda del IES Carles Salvador, Miguel \u00c1ngel Garc\u00eda, participa en el Congreso de actualizaci\u00f3n cient\u00edfica, did\u00e1ctica y metodol\u00f3gica EN HUMANIDADES Y CIENCIAS SOCIALES que se realizar\u00e1 los d\u00edas 22, 23, 24 y 25 de marzo de 2021. M\u00e1s informaci\u00f3n aqu\u00ed<\/p>\n","protected":false},"author":1,"featured_media":0,"comment_status":"closed","ping_status":"closed","sticky":false,"template":"","format":"standard","meta":{"rop_custom_images_group":[],"rop_custom_messages_group":[],"rop_publish_now":"initial","rop_publish_now_accounts":[],"rop_publish_now_history":[],"rop_publish_now_status":"pending","neve_meta_sidebar":"","neve_meta_container":"","neve_meta_enable_content_width":"off","neve_meta_content_width":0,"neve_meta_title_alignment":"","neve_meta_author_avatar":"","neve_post_elements_order":"","neve_meta_disable_header":"","neve_meta_disable_footer":"","neve_meta_disable_title":"","footnotes":""},"categories":[34],"tags":[],"class_list":["post-1759","post","type-post","status-publish","format-standard","hentry","category-noticias"],"_links":{"self":[{"href":"https:\/\/www.iescarlessalvador.es\/index.php?rest_route=\/wp\/v2\/posts\/1759","targetHints":{"allow":["GET"]}}],"collection":[{"href":"https:\/\/www.iescarlessalvador.es\/index.php?rest_route=\/wp\/v2\/posts"}],"about":[{"href":"https:\/\/www.iescarlessalvador.es\/index.php?rest_route=\/wp\/v2\/types\/post"}],"author":[{"embeddable":true,"href":"https:\/\/www.iescarlessalvador.es\/index.php?rest_route=\/wp\/v2\/users\/1"}],"replies":[{"embeddable":true,"href":"https:\/\/www.iescarlessalvador.es\/index.php?rest_route=%2Fwp%2Fv2%2Fcomments&post=1759"}],"version-history":[{"count":2,"href":"https:\/\/www.iescarlessalvador.es\/index.php?rest_route=\/wp\/v2\/posts\/1759\/revisions"}],"predecessor-version":[{"id":1762,"href":"https:\/\/www.iescarlessalvador.es\/index.php?rest_route=\/wp\/v2\/posts\/1759\/revisions\/1762"}],"wp:attachment":[{"href":"https:\/\/www.iescarlessalvador.es\/index.php?rest_route=%2Fwp%2Fv2%2Fmedia&parent=1759"}],"wp:term":[{"taxonomy":"category","embeddable":true,"href":"https:\/\/www.iescarlessalvador.es\/index.php?rest_route=%2Fwp%2Fv2%2Fcategories&post=1759"},{"taxonomy":"post_tag","embeddable":true,"href":"https:\/\/www.iescarlessalvador.es\/index.php?rest_route=%2Fwp%2Fv2%2Ftags&post=1759"}],"curies":[{"name":"wp","href":"https:\/\/api.w.org\/{rel}","templated":true}]}}