{"id":1766,"date":"2021-03-19T08:56:31","date_gmt":"2021-03-19T08:56:31","guid":{"rendered":"http:\/\/www.iescarlessalvador.es\/?p=1766"},"modified":"2021-03-19T09:00:23","modified_gmt":"2021-03-19T09:00:23","slug":"lies-carles-salvador-recapta-1150-euros-amb-la-xvii-edicio-quilometres-de-solidaritat","status":"publish","type":"post","link":"https:\/\/www.iescarlessalvador.es\/?p=1766","title":{"rendered":"L&#8217;IES Carles Salvador recapta 1150 euros amb la XVII edici\u00f3 quil\u00f2metres de solidaritat"},"content":{"rendered":"\n<p>La comunitat educativa de l&#8217;<strong>IES Carles Salvador<\/strong> s&#8217;ha volcat un any m\u00e9s en la realitzaci\u00f3 d&#8217;aquesta cursa solid\u00e0ria i ha recaptat un total de<strong> 1150 euros<\/strong> per a l&#8217;ONG <strong>Save the Children<\/strong> en la \u00abXVII edici\u00f3 de Quil\u00f2metres de Solidaritat\u00bb.<\/p>\n\n\n\n<p>Enguany la prova ha tingut un format especial, a la seg\u00fcent imatge apareix una xicoteta mostra dels participants i les rutes realitzades.<\/p>\n\n\n\n<figure class=\"wp-block-image size-large\"><img fetchpriority=\"high\" decoding=\"async\" width=\"1024\" height=\"717\" src=\"https:\/\/www.iescarlessalvador.es\/wp-content\/uploads\/2021\/03\/mosaico_DEF-1024x717.jpg\" alt=\"\" class=\"wp-image-1767\" srcset=\"https:\/\/www.iescarlessalvador.es\/wp-content\/uploads\/2021\/03\/mosaico_DEF-1024x717.jpg 1024w, https:\/\/www.iescarlessalvador.es\/wp-content\/uploads\/2021\/03\/mosaico_DEF-300x210.jpg 300w, https:\/\/www.iescarlessalvador.es\/wp-content\/uploads\/2021\/03\/mosaico_DEF-768x538.jpg 768w, https:\/\/www.iescarlessalvador.es\/wp-content\/uploads\/2021\/03\/mosaico_DEF-1536x1075.jpg 1536w, https:\/\/www.iescarlessalvador.es\/wp-content\/uploads\/2021\/03\/mosaico_DEF-2048x1434.jpg 2048w\" sizes=\"(max-width: 1024px) 100vw, 1024px\" \/><\/figure>\n\n\n\n<p>Enhorabona a tota la comunitat educativa del centre per la seua implicaci\u00f3 i participaci\u00f3. Un any m\u00e9s heu demostrat la vostra solidaritat en aquesta XVII edici\u00f3 pels drets dels xiquets i xiquetes de la Rep\u00fablica Democr\u00e0tica del Congo.<\/p>\n\n\n\n<figure class=\"wp-block-image size-large\"><img decoding=\"async\" width=\"1024\" height=\"752\" src=\"https:\/\/www.iescarlessalvador.es\/wp-content\/uploads\/2021\/03\/tarjeta_def-1024x752.png\" alt=\"\" class=\"wp-image-1768\" srcset=\"https:\/\/www.iescarlessalvador.es\/wp-content\/uploads\/2021\/03\/tarjeta_def-1024x752.png 1024w, https:\/\/www.iescarlessalvador.es\/wp-content\/uploads\/2021\/03\/tarjeta_def-300x220.png 300w, https:\/\/www.iescarlessalvador.es\/wp-content\/uploads\/2021\/03\/tarjeta_def-768x564.png 768w, https:\/\/www.iescarlessalvador.es\/wp-content\/uploads\/2021\/03\/tarjeta_def-1536x1128.png 1536w, https:\/\/www.iescarlessalvador.es\/wp-content\/uploads\/2021\/03\/tarjeta_def.png 1929w\" sizes=\"(max-width: 1024px) 100vw, 1024px\" \/><\/figure>\n","protected":false},"excerpt":{"rendered":"<p>La comunitat educativa de l&#8217;IES Carles Salvador s&#8217;ha volcat un any m\u00e9s en la realitzaci\u00f3 d&#8217;aquesta cursa solid\u00e0ria i ha recaptat un total de 1150 euros per a l&#8217;ONG Save the Children en la \u00abXVII edici\u00f3 de Quil\u00f2metres de Solidaritat\u00bb. Enguany la prova ha tingut un format especial, a la seg\u00fcent imatge apareix una xicoteta&hellip;&nbsp;<a href=\"https:\/\/www.iescarlessalvador.es\/?p=1766\" class=\"\" rel=\"bookmark\">Leer m\u00e1s &raquo;<span class=\"screen-reader-text\">L&#8217;IES Carles Salvador recapta 1150 euros amb la XVII edici\u00f3 quil\u00f2metres de solidaritat<\/span><\/a><\/p>\n","protected":false},"author":1,"featured_media":1767,"comment_status":"closed","ping_status":"closed","sticky":false,"template":"","format":"standard","meta":{"rop_custom_images_group":[],"rop_custom_messages_group":[],"rop_publish_now":"initial","rop_publish_now_accounts":[],"rop_publish_now_history":[],"rop_publish_now_status":"pending","neve_meta_sidebar":"","neve_meta_container":"","neve_meta_enable_content_width":"off","neve_meta_content_width":0,"neve_meta_title_alignment":"","neve_meta_author_avatar":"","neve_post_elements_order":"","neve_meta_disable_header":"","neve_meta_disable_footer":"","neve_meta_disable_title":"","footnotes":""},"categories":[13],"tags":[],"class_list":["post-1766","post","type-post","status-publish","format-standard","has-post-thumbnail","hentry","category-sin-categoria-ca"],"_links":{"self":[{"href":"https:\/\/www.iescarlessalvador.es\/index.php?rest_route=\/wp\/v2\/posts\/1766","targetHints":{"allow":["GET"]}}],"collection":[{"href":"https:\/\/www.iescarlessalvador.es\/index.php?rest_route=\/wp\/v2\/posts"}],"about":[{"href":"https:\/\/www.iescarlessalvador.es\/index.php?rest_route=\/wp\/v2\/types\/post"}],"author":[{"embeddable":true,"href":"https:\/\/www.iescarlessalvador.es\/index.php?rest_route=\/wp\/v2\/users\/1"}],"replies":[{"embeddable":true,"href":"https:\/\/www.iescarlessalvador.es\/index.php?rest_route=%2Fwp%2Fv2%2Fcomments&post=1766"}],"version-history":[{"count":2,"href":"https:\/\/www.iescarlessalvador.es\/index.php?rest_route=\/wp\/v2\/posts\/1766\/revisions"}],"predecessor-version":[{"id":1771,"href":"https:\/\/www.iescarlessalvador.es\/index.php?rest_route=\/wp\/v2\/posts\/1766\/revisions\/1771"}],"wp:featuredmedia":[{"embeddable":true,"href":"https:\/\/www.iescarlessalvador.es\/index.php?rest_route=\/wp\/v2\/media\/1767"}],"wp:attachment":[{"href":"https:\/\/www.iescarlessalvador.es\/index.php?rest_route=%2Fwp%2Fv2%2Fmedia&parent=1766"}],"wp:term":[{"taxonomy":"category","embeddable":true,"href":"https:\/\/www.iescarlessalvador.es\/index.php?rest_route=%2Fwp%2Fv2%2Fcategories&post=1766"},{"taxonomy":"post_tag","embeddable":true,"href":"https:\/\/www.iescarlessalvador.es\/index.php?rest_route=%2Fwp%2Fv2%2Ftags&post=1766"}],"curies":[{"name":"wp","href":"https:\/\/api.w.org\/{rel}","templated":true}]}}