{"id":1772,"date":"2021-03-19T09:06:31","date_gmt":"2021-03-19T09:06:31","guid":{"rendered":"http:\/\/www.iescarlessalvador.es\/?p=1772"},"modified":"2021-03-19T09:06:32","modified_gmt":"2021-03-19T09:06:32","slug":"el-ies-carles-salvador-recauda-1150-euros-con-la-xvii-edicion-kilometros-de-solidaridad","status":"publish","type":"post","link":"https:\/\/www.iescarlessalvador.es\/?p=1772&lang=es","title":{"rendered":"El IES CARLES SALVADOR recauda 1150 EUROS con LA XVII EDICI\u00d3n kil\u00f3METRoS DE SOLIDARIdad"},"content":{"rendered":"\n<p>La comunidad educativa del <strong>IES Carles Salvador<\/strong>\u00a0se ha volcado un a\u00f1o m\u00e1s en la realizaci\u00f3n de esta carrera solidaria y ha recaudado un total de <strong>1150 euros<\/strong>\u00a0para la ONG\u00a0<strong>Save the Children<\/strong>\u00a0en la \u201cXVII edici\u00f3n de Kil\u00f3metros de Solidaridad\u201d.<\/p>\n\n\n\n<p>Este a\u00f1o la prueba ha tenido un formato especial. El siguiente mosaico presenta una peque\u00f1a muestra de los participantes y las rutas realizadas.<\/p>\n\n\n\n<figure class=\"wp-block-image size-large\"><img fetchpriority=\"high\" decoding=\"async\" width=\"1024\" height=\"717\" src=\"https:\/\/www.iescarlessalvador.es\/wp-content\/uploads\/2021\/03\/mosaico_DEF-1024x717.jpg\" alt=\"\" class=\"wp-image-1767\" srcset=\"https:\/\/www.iescarlessalvador.es\/wp-content\/uploads\/2021\/03\/mosaico_DEF-1024x717.jpg 1024w, https:\/\/www.iescarlessalvador.es\/wp-content\/uploads\/2021\/03\/mosaico_DEF-300x210.jpg 300w, https:\/\/www.iescarlessalvador.es\/wp-content\/uploads\/2021\/03\/mosaico_DEF-768x538.jpg 768w, https:\/\/www.iescarlessalvador.es\/wp-content\/uploads\/2021\/03\/mosaico_DEF-1536x1075.jpg 1536w, https:\/\/www.iescarlessalvador.es\/wp-content\/uploads\/2021\/03\/mosaico_DEF-2048x1434.jpg 2048w\" sizes=\"(max-width: 1024px) 100vw, 1024px\" \/><\/figure>\n\n\n\n<p>Enhorabuena a toda la comunidad educativa del centro por su implicaci\u00f3n y participaci\u00f3n. Un a\u00f1o m\u00e1s hab\u00e9is demostrado vuestra solidaridad en esta XVII edici\u00f3n por los derechos de los ni\u00f1os y ni\u00f1as de la Rep\u00fablica Democr\u00e1tica del Congo.<\/p>\n\n\n\n<figure class=\"wp-block-image size-large\"><img decoding=\"async\" width=\"1024\" height=\"752\" src=\"https:\/\/www.iescarlessalvador.es\/wp-content\/uploads\/2021\/03\/tarjeta_def-1024x752.png\" alt=\"\" class=\"wp-image-1768\" srcset=\"https:\/\/www.iescarlessalvador.es\/wp-content\/uploads\/2021\/03\/tarjeta_def-1024x752.png 1024w, https:\/\/www.iescarlessalvador.es\/wp-content\/uploads\/2021\/03\/tarjeta_def-300x220.png 300w, https:\/\/www.iescarlessalvador.es\/wp-content\/uploads\/2021\/03\/tarjeta_def-768x564.png 768w, https:\/\/www.iescarlessalvador.es\/wp-content\/uploads\/2021\/03\/tarjeta_def-1536x1128.png 1536w, https:\/\/www.iescarlessalvador.es\/wp-content\/uploads\/2021\/03\/tarjeta_def.png 1929w\" sizes=\"(max-width: 1024px) 100vw, 1024px\" \/><\/figure>\n","protected":false},"excerpt":{"rendered":"<p>La comunidad educativa del IES Carles Salvador\u00a0se ha volcado un a\u00f1o m\u00e1s en la realizaci\u00f3n de esta carrera solidaria y ha recaudado un total de 1150 euros\u00a0para la ONG\u00a0Save the Children\u00a0en la \u201cXVII edici\u00f3n de Kil\u00f3metros de Solidaridad\u201d. Este a\u00f1o la prueba ha tenido un formato especial. El siguiente mosaico presenta una peque\u00f1a muestra de&hellip;&nbsp;<a href=\"https:\/\/www.iescarlessalvador.es\/?p=1772&#038;lang=es\" class=\"\" rel=\"bookmark\">Leer m\u00e1s &raquo;<span class=\"screen-reader-text\">El IES CARLES SALVADOR recauda 1150 EUROS con LA XVII EDICI\u00d3n kil\u00f3METRoS DE SOLIDARIdad<\/span><\/a><\/p>\n","protected":false},"author":1,"featured_media":1767,"comment_status":"closed","ping_status":"closed","sticky":false,"template":"","format":"standard","meta":{"rop_custom_images_group":[],"rop_custom_messages_group":[],"rop_publish_now":"initial","rop_publish_now_accounts":[],"rop_publish_now_history":[],"rop_publish_now_status":"pending","neve_meta_sidebar":"","neve_meta_container":"","neve_meta_enable_content_width":"off","neve_meta_content_width":0,"neve_meta_title_alignment":"","neve_meta_author_avatar":"","neve_post_elements_order":"","neve_meta_disable_header":"","neve_meta_disable_footer":"","neve_meta_disable_title":"","footnotes":""},"categories":[34],"tags":[],"class_list":["post-1772","post","type-post","status-publish","format-standard","has-post-thumbnail","hentry","category-noticias"],"_links":{"self":[{"href":"https:\/\/www.iescarlessalvador.es\/index.php?rest_route=\/wp\/v2\/posts\/1772","targetHints":{"allow":["GET"]}}],"collection":[{"href":"https:\/\/www.iescarlessalvador.es\/index.php?rest_route=\/wp\/v2\/posts"}],"about":[{"href":"https:\/\/www.iescarlessalvador.es\/index.php?rest_route=\/wp\/v2\/types\/post"}],"author":[{"embeddable":true,"href":"https:\/\/www.iescarlessalvador.es\/index.php?rest_route=\/wp\/v2\/users\/1"}],"replies":[{"embeddable":true,"href":"https:\/\/www.iescarlessalvador.es\/index.php?rest_route=%2Fwp%2Fv2%2Fcomments&post=1772"}],"version-history":[{"count":1,"href":"https:\/\/www.iescarlessalvador.es\/index.php?rest_route=\/wp\/v2\/posts\/1772\/revisions"}],"predecessor-version":[{"id":1773,"href":"https:\/\/www.iescarlessalvador.es\/index.php?rest_route=\/wp\/v2\/posts\/1772\/revisions\/1773"}],"wp:featuredmedia":[{"embeddable":true,"href":"https:\/\/www.iescarlessalvador.es\/index.php?rest_route=\/wp\/v2\/media\/1767"}],"wp:attachment":[{"href":"https:\/\/www.iescarlessalvador.es\/index.php?rest_route=%2Fwp%2Fv2%2Fmedia&parent=1772"}],"wp:term":[{"taxonomy":"category","embeddable":true,"href":"https:\/\/www.iescarlessalvador.es\/index.php?rest_route=%2Fwp%2Fv2%2Fcategories&post=1772"},{"taxonomy":"post_tag","embeddable":true,"href":"https:\/\/www.iescarlessalvador.es\/index.php?rest_route=%2Fwp%2Fv2%2Ftags&post=1772"}],"curies":[{"name":"wp","href":"https:\/\/api.w.org\/{rel}","templated":true}]}}