{"id":1783,"date":"2021-03-29T08:29:18","date_gmt":"2021-03-29T08:29:18","guid":{"rendered":"http:\/\/www.iescarlessalvador.es\/?p=1783"},"modified":"2021-03-29T08:35:37","modified_gmt":"2021-03-29T08:35:37","slug":"reunions-amb-tutors-2a-avaluacio","status":"publish","type":"post","link":"https:\/\/www.iescarlessalvador.es\/?p=1783","title":{"rendered":"REUNIONS AMB TUTORS 2\u00aa AVALUACI\u00d3"},"content":{"rendered":"\n<p>Estimades fam\u00edlies:<\/p>\n\n\n\n<p>Volem comunicar-los que el dimecres <strong>31 de mar\u00e7 de 2021, <\/strong>hi haur\u00e0 com altres anys un horari especial. Les classes finalizaran a l\u2019hora del pati. <strong>A partir de les 11:15 hores, <\/strong>se poden realitzar les <strong>reunions amb professorat de las asignaturas por videoconferencia MEET, <\/strong>disposes dels enlla\u00e7os <a href=\"https:\/\/www.iescarlessalvador.es\/?page_id=1458\">AC\u00cd<\/a> i s\u2019ha convidat per email a l\u2019alumnat. Respecte al <strong>lliurament de notes de la 2\u00aa Avaluaci\u00f3<\/strong>, els tutors els informaran en la reuni\u00f3 que se realitzar\u00e0 els dies 30 i 31 de mar\u00e7. Tamb\u00e9 poden <strong>consultar-les en Webfam\u00edlia<\/strong>, En cas de necessitar una c\u00f2pia en paper, passeu per Administraci\u00f3 (de dilluns a divendres de 9:30 a 14:00h, i els dilluns o dimarts de 16:00 a 17:50 hores despr\u00e9s de les festes de semana santa i p\u00e0squa) o sol\u00b7licitar-ho al mail del centre <a href=\"mailto:4602046@gva.es\">4602046@gva.es<\/a><\/p>\n\n\n\n<p>Salutacions<\/p>\n\n\n\n<p><a href=\"https:\/\/www.iescarlessalvador.es\/wp-content\/uploads\/2021\/03\/Carta-pares-entrega-notes-i-atencio-families-2_avaluacio_def.pdf\">NOTA INFORMATIVA<\/a><\/p>\n","protected":false},"excerpt":{"rendered":"<p>Estimades fam\u00edlies: Volem comunicar-los que el dimecres 31 de mar\u00e7 de 2021, hi haur\u00e0 com altres anys un horari especial. Les classes finalizaran a l\u2019hora del pati. A partir de les 11:15 hores, se poden realitzar les reunions amb professorat de las asignaturas por videoconferencia MEET, disposes dels enlla\u00e7os AC\u00cd i s\u2019ha convidat per email&hellip;&nbsp;<a href=\"https:\/\/www.iescarlessalvador.es\/?p=1783\" class=\"\" rel=\"bookmark\">Leer m\u00e1s &raquo;<span class=\"screen-reader-text\">REUNIONS AMB TUTORS 2\u00aa AVALUACI\u00d3<\/span><\/a><\/p>\n","protected":false},"author":1,"featured_media":0,"comment_status":"closed","ping_status":"closed","sticky":false,"template":"","format":"standard","meta":{"rop_custom_images_group":[],"rop_custom_messages_group":[],"rop_publish_now":"initial","rop_publish_now_accounts":[],"rop_publish_now_history":[],"rop_publish_now_status":"pending","neve_meta_sidebar":"","neve_meta_container":"","neve_meta_enable_content_width":"off","neve_meta_content_width":0,"neve_meta_title_alignment":"","neve_meta_author_avatar":"","neve_post_elements_order":"","neve_meta_disable_header":"","neve_meta_disable_footer":"","neve_meta_disable_title":"","footnotes":""},"categories":[13],"tags":[],"class_list":["post-1783","post","type-post","status-publish","format-standard","hentry","category-sin-categoria-ca"],"_links":{"self":[{"href":"https:\/\/www.iescarlessalvador.es\/index.php?rest_route=\/wp\/v2\/posts\/1783","targetHints":{"allow":["GET"]}}],"collection":[{"href":"https:\/\/www.iescarlessalvador.es\/index.php?rest_route=\/wp\/v2\/posts"}],"about":[{"href":"https:\/\/www.iescarlessalvador.es\/index.php?rest_route=\/wp\/v2\/types\/post"}],"author":[{"embeddable":true,"href":"https:\/\/www.iescarlessalvador.es\/index.php?rest_route=\/wp\/v2\/users\/1"}],"replies":[{"embeddable":true,"href":"https:\/\/www.iescarlessalvador.es\/index.php?rest_route=%2Fwp%2Fv2%2Fcomments&post=1783"}],"version-history":[{"count":2,"href":"https:\/\/www.iescarlessalvador.es\/index.php?rest_route=\/wp\/v2\/posts\/1783\/revisions"}],"predecessor-version":[{"id":1786,"href":"https:\/\/www.iescarlessalvador.es\/index.php?rest_route=\/wp\/v2\/posts\/1783\/revisions\/1786"}],"wp:attachment":[{"href":"https:\/\/www.iescarlessalvador.es\/index.php?rest_route=%2Fwp%2Fv2%2Fmedia&parent=1783"}],"wp:term":[{"taxonomy":"category","embeddable":true,"href":"https:\/\/www.iescarlessalvador.es\/index.php?rest_route=%2Fwp%2Fv2%2Fcategories&post=1783"},{"taxonomy":"post_tag","embeddable":true,"href":"https:\/\/www.iescarlessalvador.es\/index.php?rest_route=%2Fwp%2Fv2%2Ftags&post=1783"}],"curies":[{"name":"wp","href":"https:\/\/api.w.org\/{rel}","templated":true}]}}