{"id":1796,"date":"2021-04-02T16:45:20","date_gmt":"2021-04-02T16:45:20","guid":{"rendered":"http:\/\/www.iescarlessalvador.es\/?p=1796"},"modified":"2021-04-02T16:47:23","modified_gmt":"2021-04-02T16:47:23","slug":"lies-carles-salvador-coordinador-del-projecte-erasmus-2020-1-es01-ka229-082284","status":"publish","type":"post","link":"https:\/\/www.iescarlessalvador.es\/?p=1796","title":{"rendered":"La conselleria d&#8217;educaci\u00f3 reconeix L&#8217;IES Carles Salvador pel projecte erasmus+ 2020-1-es01-ka229-082284"},"content":{"rendered":"\n<p>L&#8217;IES Carles Salvador ha rebut un reconeixement per part de la Conselleria d&#8217;Educaci\u00f3, Cultura i Esport per la seua participaci\u00f3 com a coordinador en el projecte Erasmus+ d&#8217;Associacions Estrat\u00e8giques &#8211; Associacions d&#8217;Intercanvi Escolar (KA229) 2020-1-ES01-KA229-082284.<\/p>\n\n\n\n<figure class=\"wp-block-image size-large\"><img fetchpriority=\"high\" decoding=\"async\" width=\"1024\" height=\"724\" src=\"https:\/\/www.iescarlessalvador.es\/wp-content\/uploads\/2021\/04\/SKMBT_C360-21033014370-1024x724.jpg\" alt=\"\" class=\"wp-image-1797\" srcset=\"https:\/\/www.iescarlessalvador.es\/wp-content\/uploads\/2021\/04\/SKMBT_C360-21033014370-1024x724.jpg 1024w, https:\/\/www.iescarlessalvador.es\/wp-content\/uploads\/2021\/04\/SKMBT_C360-21033014370-300x212.jpg 300w, https:\/\/www.iescarlessalvador.es\/wp-content\/uploads\/2021\/04\/SKMBT_C360-21033014370-768x543.jpg 768w, https:\/\/www.iescarlessalvador.es\/wp-content\/uploads\/2021\/04\/SKMBT_C360-21033014370-1536x1086.jpg 1536w, https:\/\/www.iescarlessalvador.es\/wp-content\/uploads\/2021\/04\/SKMBT_C360-21033014370-2048x1448.jpg 2048w\" sizes=\"(max-width: 1024px) 100vw, 1024px\" \/><\/figure>\n\n\n\n<p>Aquest projecte  permetr\u00e0 treballar alguns dels ODS amb els centre socis d&#8217;Alemania i Portugal. Entre ells el comer\u00e7 responsable.<\/p>\n\n\n\n<p>Enhorabona a totes i tots pel vostre treball en la preparaci\u00f3 d&#8217;aquest projecte que tindr\u00e0 una durada de 2 anys.<\/p>\n","protected":false},"excerpt":{"rendered":"<p>L&#8217;IES Carles Salvador ha rebut un reconeixement per part de la Conselleria d&#8217;Educaci\u00f3, Cultura i Esport per la seua participaci\u00f3 com a coordinador en el projecte Erasmus+ d&#8217;Associacions Estrat\u00e8giques &#8211; Associacions d&#8217;Intercanvi Escolar (KA229) 2020-1-ES01-KA229-082284. Aquest projecte permetr\u00e0 treballar alguns dels ODS amb els centre socis d&#8217;Alemania i Portugal. Entre ells el comer\u00e7 responsable. Enhorabona&hellip;&nbsp;<a href=\"https:\/\/www.iescarlessalvador.es\/?p=1796\" class=\"\" rel=\"bookmark\">Leer m\u00e1s &raquo;<span class=\"screen-reader-text\">La conselleria d&#8217;educaci\u00f3 reconeix L&#8217;IES Carles Salvador pel projecte erasmus+ 2020-1-es01-ka229-082284<\/span><\/a><\/p>\n","protected":false},"author":1,"featured_media":1797,"comment_status":"closed","ping_status":"closed","sticky":false,"template":"","format":"standard","meta":{"rop_custom_images_group":[],"rop_custom_messages_group":[],"rop_publish_now":"initial","rop_publish_now_accounts":[],"rop_publish_now_history":[],"rop_publish_now_status":"pending","neve_meta_sidebar":"","neve_meta_container":"","neve_meta_enable_content_width":"off","neve_meta_content_width":0,"neve_meta_title_alignment":"","neve_meta_author_avatar":"","neve_post_elements_order":"","neve_meta_disable_header":"","neve_meta_disable_footer":"","neve_meta_disable_title":"","footnotes":""},"categories":[13],"tags":[],"class_list":["post-1796","post","type-post","status-publish","format-standard","has-post-thumbnail","hentry","category-sin-categoria-ca"],"_links":{"self":[{"href":"https:\/\/www.iescarlessalvador.es\/index.php?rest_route=\/wp\/v2\/posts\/1796","targetHints":{"allow":["GET"]}}],"collection":[{"href":"https:\/\/www.iescarlessalvador.es\/index.php?rest_route=\/wp\/v2\/posts"}],"about":[{"href":"https:\/\/www.iescarlessalvador.es\/index.php?rest_route=\/wp\/v2\/types\/post"}],"author":[{"embeddable":true,"href":"https:\/\/www.iescarlessalvador.es\/index.php?rest_route=\/wp\/v2\/users\/1"}],"replies":[{"embeddable":true,"href":"https:\/\/www.iescarlessalvador.es\/index.php?rest_route=%2Fwp%2Fv2%2Fcomments&post=1796"}],"version-history":[{"count":2,"href":"https:\/\/www.iescarlessalvador.es\/index.php?rest_route=\/wp\/v2\/posts\/1796\/revisions"}],"predecessor-version":[{"id":1800,"href":"https:\/\/www.iescarlessalvador.es\/index.php?rest_route=\/wp\/v2\/posts\/1796\/revisions\/1800"}],"wp:featuredmedia":[{"embeddable":true,"href":"https:\/\/www.iescarlessalvador.es\/index.php?rest_route=\/wp\/v2\/media\/1797"}],"wp:attachment":[{"href":"https:\/\/www.iescarlessalvador.es\/index.php?rest_route=%2Fwp%2Fv2%2Fmedia&parent=1796"}],"wp:term":[{"taxonomy":"category","embeddable":true,"href":"https:\/\/www.iescarlessalvador.es\/index.php?rest_route=%2Fwp%2Fv2%2Fcategories&post=1796"},{"taxonomy":"post_tag","embeddable":true,"href":"https:\/\/www.iescarlessalvador.es\/index.php?rest_route=%2Fwp%2Fv2%2Ftags&post=1796"}],"curies":[{"name":"wp","href":"https:\/\/api.w.org\/{rel}","templated":true}]}}