{"id":1801,"date":"2021-04-02T16:49:43","date_gmt":"2021-04-02T16:49:43","guid":{"rendered":"http:\/\/www.iescarlessalvador.es\/?p=1801"},"modified":"2021-04-02T16:57:43","modified_gmt":"2021-04-02T16:57:43","slug":"la-conselleria-de-educacion-entrega-un-reconocimiento-al-ies-carles-salvador-por-su-proyecto-erasmus-2020-1-es01-ka229-082284","status":"publish","type":"post","link":"https:\/\/www.iescarlessalvador.es\/?p=1801&lang=es","title":{"rendered":"LA CONSELLERIA De EDUCACI\u00d3n entrega un reconocimiento al ies CARLES SALVADOR Por su PROyecto ERASMUS+ 2020-1-ES01-KA229-082284"},"content":{"rendered":"\t\t<div data-elementor-type=\"wp-post\" data-elementor-id=\"1801\" class=\"elementor elementor-1801\">\n\t\t\t\t\t\t<section class=\"elementor-section elementor-top-section elementor-element elementor-element-81408a6 elementor-section-boxed elementor-section-height-default elementor-section-height-default\" data-id=\"81408a6\" data-element_type=\"section\" data-e-type=\"section\">\n\t\t\t\t\t\t<div class=\"elementor-container elementor-column-gap-default\">\n\t\t\t\t\t<div class=\"elementor-column elementor-col-100 elementor-top-column elementor-element elementor-element-350aba4\" data-id=\"350aba4\" data-element_type=\"column\" data-e-type=\"column\">\n\t\t\t<div class=\"elementor-widget-wrap elementor-element-populated\">\n\t\t\t\t\t\t<div class=\"elementor-element elementor-element-8054c8a elementor-widget elementor-widget-text-editor\" data-id=\"8054c8a\" data-element_type=\"widget\" data-e-type=\"widget\" data-widget_type=\"text-editor.default\">\n\t\t\t\t<div class=\"elementor-widget-container\">\n\t\t\t\t\t\t\t\t\t<p>El IES Carles Salvador ha recibido un reconocimiento de la Conselleria d&#8217;Educaci\u00f3, Cultura i Esport por su participaci\u00f3n como coordinador en el proyecto Erasmus+ de Asociaciones Estrat\u00e9gicas &#8211; Asociaciones de Intercambio Escolar (KA229) 2020-1-ES01-KA229-082284.<br><\/p>\n<figure class=\"wp-block-image size-large\"><img fetchpriority=\"high\" decoding=\"async\" width=\"1024\" height=\"724\" class=\"wp-image-1797\" src=\"https:\/\/www.iescarlessalvador.es\/wp-content\/uploads\/2021\/04\/SKMBT_C360-21033014370-1024x724.jpg\" alt=\"\" srcset=\"https:\/\/www.iescarlessalvador.es\/wp-content\/uploads\/2021\/04\/SKMBT_C360-21033014370-1024x724.jpg 1024w, https:\/\/www.iescarlessalvador.es\/wp-content\/uploads\/2021\/04\/SKMBT_C360-21033014370-300x212.jpg 300w, https:\/\/www.iescarlessalvador.es\/wp-content\/uploads\/2021\/04\/SKMBT_C360-21033014370-768x543.jpg 768w, https:\/\/www.iescarlessalvador.es\/wp-content\/uploads\/2021\/04\/SKMBT_C360-21033014370-1536x1086.jpg 1536w, https:\/\/www.iescarlessalvador.es\/wp-content\/uploads\/2021\/04\/SKMBT_C360-21033014370-2048x1448.jpg 2048w\" sizes=\"(max-width: 1024px) 100vw, 1024px\" \/><\/figure>\n<p>Este proyecto permitir\u00e1 trebajar algunos de los ODS (Objetivos de Desarrollo Sostenible) con los centros socios de Alemania y Portugal. Entre ellos el comercio responsable.<\/p>\n<p>Enhorabuena a todas y todos por vuestro trabajo en la preparaci\u00f3n de este proyecto que tendr\u00e1 una duraci\u00f3n de 2 a\u00f1os.<\/p>\t\t\t\t\t\t\t\t<\/div>\n\t\t\t\t<\/div>\n\t\t\t\t\t<\/div>\n\t\t<\/div>\n\t\t\t\t\t<\/div>\n\t\t<\/section>\n\t\t\t\t<\/div>\n\t\t","protected":false},"excerpt":{"rendered":"<p>El IES Carles Salvador ha recibido un reconocimiento de la Conselleria d&#8217;Educaci\u00f3, Cultura i Esport por su participaci\u00f3n como coordinador en el proyecto Erasmus+ de Asociaciones Estrat\u00e9gicas &#8211; Asociaciones de Intercambio Escolar (KA229) 2020-1-ES01-KA229-082284. Este proyecto permitir\u00e1 trebajar algunos de los ODS (Objetivos de Desarrollo Sostenible) con los centros socios de Alemania y Portugal. Entre&hellip;&nbsp;<a href=\"https:\/\/www.iescarlessalvador.es\/?p=1801&#038;lang=es\" class=\"\" rel=\"bookmark\">Leer m\u00e1s &raquo;<span class=\"screen-reader-text\">LA CONSELLERIA De EDUCACI\u00d3n entrega un reconocimiento al ies CARLES SALVADOR Por su PROyecto ERASMUS+ 2020-1-ES01-KA229-082284<\/span><\/a><\/p>\n","protected":false},"author":1,"featured_media":1797,"comment_status":"closed","ping_status":"closed","sticky":false,"template":"","format":"standard","meta":{"rop_custom_images_group":[],"rop_custom_messages_group":[],"rop_publish_now":"initial","rop_publish_now_accounts":[],"rop_publish_now_history":[],"rop_publish_now_status":"pending","neve_meta_sidebar":"","neve_meta_container":"","neve_meta_enable_content_width":"off","neve_meta_content_width":0,"neve_meta_title_alignment":"","neve_meta_author_avatar":"","neve_post_elements_order":"","neve_meta_disable_header":"","neve_meta_disable_footer":"","neve_meta_disable_title":"","footnotes":""},"categories":[34],"tags":[],"class_list":["post-1801","post","type-post","status-publish","format-standard","has-post-thumbnail","hentry","category-noticias"],"_links":{"self":[{"href":"https:\/\/www.iescarlessalvador.es\/index.php?rest_route=\/wp\/v2\/posts\/1801","targetHints":{"allow":["GET"]}}],"collection":[{"href":"https:\/\/www.iescarlessalvador.es\/index.php?rest_route=\/wp\/v2\/posts"}],"about":[{"href":"https:\/\/www.iescarlessalvador.es\/index.php?rest_route=\/wp\/v2\/types\/post"}],"author":[{"embeddable":true,"href":"https:\/\/www.iescarlessalvador.es\/index.php?rest_route=\/wp\/v2\/users\/1"}],"replies":[{"embeddable":true,"href":"https:\/\/www.iescarlessalvador.es\/index.php?rest_route=%2Fwp%2Fv2%2Fcomments&post=1801"}],"version-history":[{"count":10,"href":"https:\/\/www.iescarlessalvador.es\/index.php?rest_route=\/wp\/v2\/posts\/1801\/revisions"}],"predecessor-version":[{"id":1813,"href":"https:\/\/www.iescarlessalvador.es\/index.php?rest_route=\/wp\/v2\/posts\/1801\/revisions\/1813"}],"wp:featuredmedia":[{"embeddable":true,"href":"https:\/\/www.iescarlessalvador.es\/index.php?rest_route=\/wp\/v2\/media\/1797"}],"wp:attachment":[{"href":"https:\/\/www.iescarlessalvador.es\/index.php?rest_route=%2Fwp%2Fv2%2Fmedia&parent=1801"}],"wp:term":[{"taxonomy":"category","embeddable":true,"href":"https:\/\/www.iescarlessalvador.es\/index.php?rest_route=%2Fwp%2Fv2%2Fcategories&post=1801"},{"taxonomy":"post_tag","embeddable":true,"href":"https:\/\/www.iescarlessalvador.es\/index.php?rest_route=%2Fwp%2Fv2%2Ftags&post=1801"}],"curies":[{"name":"wp","href":"https:\/\/api.w.org\/{rel}","templated":true}]}}