{"id":1888,"date":"2021-05-16T22:40:31","date_gmt":"2021-05-16T22:40:31","guid":{"rendered":"http:\/\/www.iescarlessalvador.es\/?p=1888"},"modified":"2021-05-17T07:55:22","modified_gmt":"2021-05-17T07:55:22","slug":"reunio-informativa-jornada-portes-obertes","status":"publish","type":"post","link":"https:\/\/www.iescarlessalvador.es\/?p=1888","title":{"rendered":"Reuni\u00f3 Informativa &#8211; jornada portes obertes"},"content":{"rendered":"\n<h3 class=\"has-text-align-center wp-block-heading\">Alumnat i fam\u00edlies de centres adscrits \u00abCEIP MARIANO BENLLIURE\u00bb i \u00abCEIP PLATERO Y YO\u00bb<\/h3>\n\n\n\n<p>El proper dilluns 24 de maig a les 18:00 hores, tindrem una reuni\u00f3 informativa per videoconfer\u00e8ncia MEET,<\/p>\n\n\n\n<p>Aquest \u00e9s l&#8217;enlla\u00e7 per poder accedir a la reuni\u00f3:  <a href=\"https:\/\/meet.google.com\/ynb-syor-mzt\">https:\/\/meet.google.com\/ynb-syor-mzt<\/a><\/p>\n\n\n\n<p><br> <\/p>\n","protected":false},"excerpt":{"rendered":"<p>Alumnat i fam\u00edlies de centres adscrits \u00abCEIP MARIANO BENLLIURE\u00bb i \u00abCEIP PLATERO Y YO\u00bb El proper dilluns 24 de maig a les 18:00 hores, tindrem una reuni\u00f3 informativa per videoconfer\u00e8ncia MEET, Aquest \u00e9s l&#8217;enlla\u00e7 per poder accedir a la reuni\u00f3: https:\/\/meet.google.com\/ynb-syor-mzt<\/p>\n","protected":false},"author":1,"featured_media":1899,"comment_status":"closed","ping_status":"closed","sticky":false,"template":"","format":"standard","meta":{"rop_custom_images_group":[],"rop_custom_messages_group":[],"rop_publish_now":"initial","rop_publish_now_accounts":[],"rop_publish_now_history":[],"rop_publish_now_status":"pending","neve_meta_sidebar":"","neve_meta_container":"","neve_meta_enable_content_width":"off","neve_meta_content_width":0,"neve_meta_title_alignment":"","neve_meta_author_avatar":"","neve_post_elements_order":"","neve_meta_disable_header":"","neve_meta_disable_footer":"","neve_meta_disable_title":"","footnotes":""},"categories":[13],"tags":[],"class_list":["post-1888","post","type-post","status-publish","format-standard","has-post-thumbnail","hentry","category-sin-categoria-ca"],"_links":{"self":[{"href":"https:\/\/www.iescarlessalvador.es\/index.php?rest_route=\/wp\/v2\/posts\/1888","targetHints":{"allow":["GET"]}}],"collection":[{"href":"https:\/\/www.iescarlessalvador.es\/index.php?rest_route=\/wp\/v2\/posts"}],"about":[{"href":"https:\/\/www.iescarlessalvador.es\/index.php?rest_route=\/wp\/v2\/types\/post"}],"author":[{"embeddable":true,"href":"https:\/\/www.iescarlessalvador.es\/index.php?rest_route=\/wp\/v2\/users\/1"}],"replies":[{"embeddable":true,"href":"https:\/\/www.iescarlessalvador.es\/index.php?rest_route=%2Fwp%2Fv2%2Fcomments&post=1888"}],"version-history":[{"count":2,"href":"https:\/\/www.iescarlessalvador.es\/index.php?rest_route=\/wp\/v2\/posts\/1888\/revisions"}],"predecessor-version":[{"id":1903,"href":"https:\/\/www.iescarlessalvador.es\/index.php?rest_route=\/wp\/v2\/posts\/1888\/revisions\/1903"}],"wp:featuredmedia":[{"embeddable":true,"href":"https:\/\/www.iescarlessalvador.es\/index.php?rest_route=\/wp\/v2\/media\/1899"}],"wp:attachment":[{"href":"https:\/\/www.iescarlessalvador.es\/index.php?rest_route=%2Fwp%2Fv2%2Fmedia&parent=1888"}],"wp:term":[{"taxonomy":"category","embeddable":true,"href":"https:\/\/www.iescarlessalvador.es\/index.php?rest_route=%2Fwp%2Fv2%2Fcategories&post=1888"},{"taxonomy":"post_tag","embeddable":true,"href":"https:\/\/www.iescarlessalvador.es\/index.php?rest_route=%2Fwp%2Fv2%2Ftags&post=1888"}],"curies":[{"name":"wp","href":"https:\/\/api.w.org\/{rel}","templated":true}]}}