{"id":1892,"date":"2021-05-16T22:50:33","date_gmt":"2021-05-16T22:50:33","guid":{"rendered":"http:\/\/www.iescarlessalvador.es\/?p=1892"},"modified":"2021-05-17T08:18:39","modified_gmt":"2021-05-17T08:18:39","slug":"reunion-informativa-jornada-puertas-abiertas","status":"publish","type":"post","link":"https:\/\/www.iescarlessalvador.es\/?p=1892&lang=es","title":{"rendered":"Reuni\u00f3n Informativa &#8211; Jornada puertas abiertas"},"content":{"rendered":"\n<h3 class=\"has-text-align-center wp-block-heading\" id=\"block-12f128a5-2b53-4ffd-aaaf-eb7e6e896fb0\">Alumnado y familias de centros adscritos <\/h3>\n\n\n\n<h3 class=\"has-text-align-center wp-block-heading\" id=\"block-12f128a5-2b53-4ffd-aaaf-eb7e6e896fb0\">\u00abCEIP MARIANO BENLLIURE\u00bb y \u00abCEIP PLATERO Y YO\u00bb<\/h3>\n\n\n\n<p id=\"block-3e55a8a2-880f-4c51-bddd-d571478fb3ec\">El pr\u00f3ximo lunes 24 de mayo a las 18:00 horas, tendremos una reuni\u00f3n informativa por videoconferencia MEET,<\/p>\n\n\n\n<p id=\"block-c1636e3a-195b-46cb-82a9-44f2579a439c\">Este es el enlace para poder acceder a la reuni\u00f3n: <a href=\"https:\/\/meet.google.com\/ynb-syor-mzt\">https:\/\/meet.google.com\/ynb-syor-mzt<\/a><\/p>\n","protected":false},"excerpt":{"rendered":"<p>Alumnado y familias de centros adscritos \u00abCEIP MARIANO BENLLIURE\u00bb y \u00abCEIP PLATERO Y YO\u00bb El pr\u00f3ximo lunes 24 de mayo a las 18:00 horas, tendremos una reuni\u00f3n informativa por videoconferencia MEET, Este es el enlace para poder acceder a la reuni\u00f3n: https:\/\/meet.google.com\/ynb-syor-mzt<\/p>\n","protected":false},"author":1,"featured_media":1901,"comment_status":"closed","ping_status":"closed","sticky":false,"template":"","format":"standard","meta":{"rop_custom_images_group":[],"rop_custom_messages_group":[],"rop_publish_now":"initial","rop_publish_now_accounts":[],"rop_publish_now_history":[],"rop_publish_now_status":"pending","neve_meta_sidebar":"","neve_meta_container":"","neve_meta_enable_content_width":"off","neve_meta_content_width":0,"neve_meta_title_alignment":"","neve_meta_author_avatar":"","neve_post_elements_order":"","neve_meta_disable_header":"","neve_meta_disable_footer":"","neve_meta_disable_title":"","footnotes":""},"categories":[34],"tags":[],"class_list":["post-1892","post","type-post","status-publish","format-standard","has-post-thumbnail","hentry","category-noticias"],"_links":{"self":[{"href":"https:\/\/www.iescarlessalvador.es\/index.php?rest_route=\/wp\/v2\/posts\/1892","targetHints":{"allow":["GET"]}}],"collection":[{"href":"https:\/\/www.iescarlessalvador.es\/index.php?rest_route=\/wp\/v2\/posts"}],"about":[{"href":"https:\/\/www.iescarlessalvador.es\/index.php?rest_route=\/wp\/v2\/types\/post"}],"author":[{"embeddable":true,"href":"https:\/\/www.iescarlessalvador.es\/index.php?rest_route=\/wp\/v2\/users\/1"}],"replies":[{"embeddable":true,"href":"https:\/\/www.iescarlessalvador.es\/index.php?rest_route=%2Fwp%2Fv2%2Fcomments&post=1892"}],"version-history":[{"count":2,"href":"https:\/\/www.iescarlessalvador.es\/index.php?rest_route=\/wp\/v2\/posts\/1892\/revisions"}],"predecessor-version":[{"id":1896,"href":"https:\/\/www.iescarlessalvador.es\/index.php?rest_route=\/wp\/v2\/posts\/1892\/revisions\/1896"}],"wp:featuredmedia":[{"embeddable":true,"href":"https:\/\/www.iescarlessalvador.es\/index.php?rest_route=\/wp\/v2\/media\/1901"}],"wp:attachment":[{"href":"https:\/\/www.iescarlessalvador.es\/index.php?rest_route=%2Fwp%2Fv2%2Fmedia&parent=1892"}],"wp:term":[{"taxonomy":"category","embeddable":true,"href":"https:\/\/www.iescarlessalvador.es\/index.php?rest_route=%2Fwp%2Fv2%2Fcategories&post=1892"},{"taxonomy":"post_tag","embeddable":true,"href":"https:\/\/www.iescarlessalvador.es\/index.php?rest_route=%2Fwp%2Fv2%2Ftags&post=1892"}],"curies":[{"name":"wp","href":"https:\/\/api.w.org\/{rel}","templated":true}]}}