{"id":1902,"date":"2021-05-17T08:31:53","date_gmt":"2021-05-17T08:31:53","guid":{"rendered":"http:\/\/www.iescarlessalvador.es\/?p=1902"},"modified":"2021-05-17T08:31:54","modified_gmt":"2021-05-17T08:31:54","slug":"reunio-informativa-jornada-portes-obertes-2","status":"publish","type":"post","link":"https:\/\/www.iescarlessalvador.es\/?p=1902","title":{"rendered":"REUNI\u00d3 INFORMATIVA &#8211; JORNADA PORTES OBERTES"},"content":{"rendered":"\n<h3 class=\"has-text-align-center wp-block-heading\">ALUMNAT I FAM\u00cdLIES DE CENTRES QUE PARTICIPEN <\/h3>\n\n\n\n<h3 class=\"has-text-align-center wp-block-heading\">AL PROC\u00c9S D&#8217;ADMISSI\u00d3<\/h3>\n\n\n\n<h3 class=\"has-text-align-center wp-block-heading\">(CENTRES NO ADSCRITS)<\/h3>\n\n\n\n<p>El proper dimecres 26 de maig a les 18:00 hores, tindrem una reuni\u00f3 informativa per videoconfer\u00e8ncia MEET,<\/p>\n\n\n\n<p>Aquest \u00e9s l&#8217;enlla\u00e7 per poder accedir a la reuni\u00f3:  <a href=\"https:\/\/meet.google.com\/nhw-yjdn-qby\">https:\/\/meet.google.com\/nhw-yjdn-qby<\/a><\/p>\n","protected":false},"excerpt":{"rendered":"<p>ALUMNAT I FAM\u00cdLIES DE CENTRES QUE PARTICIPEN AL PROC\u00c9S D&#8217;ADMISSI\u00d3 (CENTRES NO ADSCRITS) El proper dimecres 26 de maig a les 18:00 hores, tindrem una reuni\u00f3 informativa per videoconfer\u00e8ncia MEET, Aquest \u00e9s l&#8217;enlla\u00e7 per poder accedir a la reuni\u00f3: https:\/\/meet.google.com\/nhw-yjdn-qby<\/p>\n","protected":false},"author":1,"featured_media":1904,"comment_status":"closed","ping_status":"closed","sticky":false,"template":"","format":"standard","meta":{"rop_custom_images_group":[],"rop_custom_messages_group":[],"rop_publish_now":"initial","rop_publish_now_accounts":[],"rop_publish_now_history":[],"rop_publish_now_status":"pending","neve_meta_sidebar":"","neve_meta_container":"","neve_meta_enable_content_width":"off","neve_meta_content_width":0,"neve_meta_title_alignment":"","neve_meta_author_avatar":"","neve_post_elements_order":"","neve_meta_disable_header":"","neve_meta_disable_footer":"","neve_meta_disable_title":"","footnotes":""},"categories":[13],"tags":[],"class_list":["post-1902","post","type-post","status-publish","format-standard","has-post-thumbnail","hentry","category-sin-categoria-ca"],"_links":{"self":[{"href":"https:\/\/www.iescarlessalvador.es\/index.php?rest_route=\/wp\/v2\/posts\/1902","targetHints":{"allow":["GET"]}}],"collection":[{"href":"https:\/\/www.iescarlessalvador.es\/index.php?rest_route=\/wp\/v2\/posts"}],"about":[{"href":"https:\/\/www.iescarlessalvador.es\/index.php?rest_route=\/wp\/v2\/types\/post"}],"author":[{"embeddable":true,"href":"https:\/\/www.iescarlessalvador.es\/index.php?rest_route=\/wp\/v2\/users\/1"}],"replies":[{"embeddable":true,"href":"https:\/\/www.iescarlessalvador.es\/index.php?rest_route=%2Fwp%2Fv2%2Fcomments&post=1902"}],"version-history":[{"count":1,"href":"https:\/\/www.iescarlessalvador.es\/index.php?rest_route=\/wp\/v2\/posts\/1902\/revisions"}],"predecessor-version":[{"id":1905,"href":"https:\/\/www.iescarlessalvador.es\/index.php?rest_route=\/wp\/v2\/posts\/1902\/revisions\/1905"}],"wp:featuredmedia":[{"embeddable":true,"href":"https:\/\/www.iescarlessalvador.es\/index.php?rest_route=\/wp\/v2\/media\/1904"}],"wp:attachment":[{"href":"https:\/\/www.iescarlessalvador.es\/index.php?rest_route=%2Fwp%2Fv2%2Fmedia&parent=1902"}],"wp:term":[{"taxonomy":"category","embeddable":true,"href":"https:\/\/www.iescarlessalvador.es\/index.php?rest_route=%2Fwp%2Fv2%2Fcategories&post=1902"},{"taxonomy":"post_tag","embeddable":true,"href":"https:\/\/www.iescarlessalvador.es\/index.php?rest_route=%2Fwp%2Fv2%2Ftags&post=1902"}],"curies":[{"name":"wp","href":"https:\/\/api.w.org\/{rel}","templated":true}]}}