{"id":1963,"date":"2021-05-31T19:54:37","date_gmt":"2021-05-31T19:54:37","guid":{"rendered":"http:\/\/www.iescarlessalvador.es\/?p=1963"},"modified":"2021-05-31T20:09:24","modified_gmt":"2021-05-31T20:09:24","slug":"calendario-fin-de-curso-2020-21","status":"publish","type":"post","link":"https:\/\/www.iescarlessalvador.es\/?p=1963&lang=es","title":{"rendered":"Calendario fin de curso 2020-21"},"content":{"rendered":"\n<p>Publicado el calendario de final de curso tanto para el alumnado de ESO, FP B\u00c1SICA y 1\u00ba Bachillerato como para 2\u00ba de Bachillerato.<\/p>\n\n\n\n<p>Aqu\u00ed los pod\u00e9is descargar:<\/p>\n\n\n\n<p><a href=\"https:\/\/www.iescarlessalvador.es\/wp-content\/uploads\/2021\/05\/Calendari_FI_CURS_ALUMNAT_I_FAMILIES_2021_eso_1batx.pdf\">Calendario ESO, FPB y 1\u00ba BACH<\/a><\/p>\n\n\n\n<p><a href=\"https:\/\/www.iescarlessalvador.es\/wp-content\/uploads\/2021\/05\/Calendari_FI_CURS_ALUMNAT_I_FAMILIES_2021_2batx.pdf\">Calendario 2\u00ba BACH<\/a><\/p>\n\n\n\n<p>Tambi\u00e9n se ha a\u00f1adido informaci\u00f3n relativa al <a href=\"https:\/\/www.iescarlessalvador.es\/wp-content\/uploads\/2021\/05\/banc_llibres_2020-21_calendari.pdf\">BANCO DE LIBROS<\/a><\/p>\n","protected":false},"excerpt":{"rendered":"<p>Publicado el calendario de final de curso tanto para el alumnado de ESO, FP B\u00c1SICA y 1\u00ba Bachillerato como para 2\u00ba de Bachillerato. Aqu\u00ed los pod\u00e9is descargar: Calendario ESO, FPB y 1\u00ba BACH Calendario 2\u00ba BACH Tambi\u00e9n se ha a\u00f1adido informaci\u00f3n relativa al BANCO DE LIBROS<\/p>\n","protected":false},"author":1,"featured_media":1968,"comment_status":"closed","ping_status":"closed","sticky":false,"template":"","format":"standard","meta":{"rop_custom_images_group":[],"rop_custom_messages_group":[],"rop_publish_now":"initial","rop_publish_now_accounts":[],"rop_publish_now_history":[],"rop_publish_now_status":"pending","neve_meta_sidebar":"","neve_meta_container":"","neve_meta_enable_content_width":"off","neve_meta_content_width":0,"neve_meta_title_alignment":"","neve_meta_author_avatar":"","neve_post_elements_order":"","neve_meta_disable_header":"","neve_meta_disable_footer":"","neve_meta_disable_title":"","footnotes":""},"categories":[34],"tags":[],"class_list":["post-1963","post","type-post","status-publish","format-standard","has-post-thumbnail","hentry","category-noticias"],"_links":{"self":[{"href":"https:\/\/www.iescarlessalvador.es\/index.php?rest_route=\/wp\/v2\/posts\/1963","targetHints":{"allow":["GET"]}}],"collection":[{"href":"https:\/\/www.iescarlessalvador.es\/index.php?rest_route=\/wp\/v2\/posts"}],"about":[{"href":"https:\/\/www.iescarlessalvador.es\/index.php?rest_route=\/wp\/v2\/types\/post"}],"author":[{"embeddable":true,"href":"https:\/\/www.iescarlessalvador.es\/index.php?rest_route=\/wp\/v2\/users\/1"}],"replies":[{"embeddable":true,"href":"https:\/\/www.iescarlessalvador.es\/index.php?rest_route=%2Fwp%2Fv2%2Fcomments&post=1963"}],"version-history":[{"count":1,"href":"https:\/\/www.iescarlessalvador.es\/index.php?rest_route=\/wp\/v2\/posts\/1963\/revisions"}],"predecessor-version":[{"id":1964,"href":"https:\/\/www.iescarlessalvador.es\/index.php?rest_route=\/wp\/v2\/posts\/1963\/revisions\/1964"}],"wp:featuredmedia":[{"embeddable":true,"href":"https:\/\/www.iescarlessalvador.es\/index.php?rest_route=\/wp\/v2\/media\/1968"}],"wp:attachment":[{"href":"https:\/\/www.iescarlessalvador.es\/index.php?rest_route=%2Fwp%2Fv2%2Fmedia&parent=1963"}],"wp:term":[{"taxonomy":"category","embeddable":true,"href":"https:\/\/www.iescarlessalvador.es\/index.php?rest_route=%2Fwp%2Fv2%2Fcategories&post=1963"},{"taxonomy":"post_tag","embeddable":true,"href":"https:\/\/www.iescarlessalvador.es\/index.php?rest_route=%2Fwp%2Fv2%2Ftags&post=1963"}],"curies":[{"name":"wp","href":"https:\/\/api.w.org\/{rel}","templated":true}]}}