{"id":1965,"date":"2021-05-31T19:58:18","date_gmt":"2021-05-31T19:58:18","guid":{"rendered":"http:\/\/www.iescarlessalvador.es\/?p=1965"},"modified":"2021-05-31T20:08:26","modified_gmt":"2021-05-31T20:08:26","slug":"calendari-fi-de-curs-2020-21","status":"publish","type":"post","link":"https:\/\/www.iescarlessalvador.es\/?p=1965","title":{"rendered":"Calendari fi de curs 2020-21"},"content":{"rendered":"\n<p>Publicat el calendari de fi de curs per a l&#8217;alumnat d&#8217;ESO, FP B\u00c0SICA i 1r Batxillerat, tamb\u00e9 per a 2n de Batxillerat.<\/p>\n\n\n\n<p>Ac\u00ed els podeu descarregar:<\/p>\n\n\n\n<p><a href=\"https:\/\/www.iescarlessalvador.es\/wp-content\/uploads\/2021\/05\/Calendari_FI_CURS_ALUMNAT_I_FAMILIES_2021_eso_1batx.pdf\">Calendari ESO, FPB i 1r BATX<\/a><\/p>\n\n\n\n<p><a href=\"https:\/\/www.iescarlessalvador.es\/wp-content\/uploads\/2021\/05\/Calendari_FI_CURS_ALUMNAT_I_FAMILIES_2021_2batx.pdf\">Calendari 2n BATX<\/a><\/p>\n\n\n\n<p>Tamb\u00e9 s&#8217;ha afegit informaci\u00f3 del <a href=\"https:\/\/www.iescarlessalvador.es\/wp-content\/uploads\/2021\/05\/banc_llibres_2020-21_calendari.pdf\">BANC DE LLIBRES<\/a><\/p>\n","protected":false},"excerpt":{"rendered":"<p>Publicat el calendari de fi de curs per a l&#8217;alumnat d&#8217;ESO, FP B\u00c0SICA i 1r Batxillerat, tamb\u00e9 per a 2n de Batxillerat. Ac\u00ed els podeu descarregar: Calendari ESO, FPB i 1r BATX Calendari 2n BATX Tamb\u00e9 s&#8217;ha afegit informaci\u00f3 del BANC DE LLIBRES<\/p>\n","protected":false},"author":1,"featured_media":1967,"comment_status":"closed","ping_status":"closed","sticky":false,"template":"","format":"standard","meta":{"rop_custom_images_group":[],"rop_custom_messages_group":[],"rop_publish_now":"initial","rop_publish_now_accounts":[],"rop_publish_now_history":[],"rop_publish_now_status":"pending","neve_meta_sidebar":"","neve_meta_container":"","neve_meta_enable_content_width":"off","neve_meta_content_width":0,"neve_meta_title_alignment":"","neve_meta_author_avatar":"","neve_post_elements_order":"","neve_meta_disable_header":"","neve_meta_disable_footer":"","neve_meta_disable_title":"","footnotes":""},"categories":[13],"tags":[],"class_list":["post-1965","post","type-post","status-publish","format-standard","has-post-thumbnail","hentry","category-sin-categoria-ca"],"_links":{"self":[{"href":"https:\/\/www.iescarlessalvador.es\/index.php?rest_route=\/wp\/v2\/posts\/1965","targetHints":{"allow":["GET"]}}],"collection":[{"href":"https:\/\/www.iescarlessalvador.es\/index.php?rest_route=\/wp\/v2\/posts"}],"about":[{"href":"https:\/\/www.iescarlessalvador.es\/index.php?rest_route=\/wp\/v2\/types\/post"}],"author":[{"embeddable":true,"href":"https:\/\/www.iescarlessalvador.es\/index.php?rest_route=\/wp\/v2\/users\/1"}],"replies":[{"embeddable":true,"href":"https:\/\/www.iescarlessalvador.es\/index.php?rest_route=%2Fwp%2Fv2%2Fcomments&post=1965"}],"version-history":[{"count":1,"href":"https:\/\/www.iescarlessalvador.es\/index.php?rest_route=\/wp\/v2\/posts\/1965\/revisions"}],"predecessor-version":[{"id":1966,"href":"https:\/\/www.iescarlessalvador.es\/index.php?rest_route=\/wp\/v2\/posts\/1965\/revisions\/1966"}],"wp:featuredmedia":[{"embeddable":true,"href":"https:\/\/www.iescarlessalvador.es\/index.php?rest_route=\/wp\/v2\/media\/1967"}],"wp:attachment":[{"href":"https:\/\/www.iescarlessalvador.es\/index.php?rest_route=%2Fwp%2Fv2%2Fmedia&parent=1965"}],"wp:term":[{"taxonomy":"category","embeddable":true,"href":"https:\/\/www.iescarlessalvador.es\/index.php?rest_route=%2Fwp%2Fv2%2Fcategories&post=1965"},{"taxonomy":"post_tag","embeddable":true,"href":"https:\/\/www.iescarlessalvador.es\/index.php?rest_route=%2Fwp%2Fv2%2Ftags&post=1965"}],"curies":[{"name":"wp","href":"https:\/\/api.w.org\/{rel}","templated":true}]}}