{"id":1996,"date":"2021-07-06T00:12:00","date_gmt":"2021-07-06T00:12:00","guid":{"rendered":"http:\/\/www.iescarlessalvador.es\/?p=1996"},"modified":"2021-07-06T05:13:43","modified_gmt":"2021-07-06T05:13:43","slug":"reuniones-con-tutores-evaluacion-final","status":"publish","type":"post","link":"https:\/\/www.iescarlessalvador.es\/?p=1996&lang=es","title":{"rendered":"REUNIONES CON TUTORES &#8211; EVALUACI\u00d3N EXTRAORDINARIA"},"content":{"rendered":"\n<p>Estimadas familias:<\/p>\n\n\n\n<p>Queremos comunicarles que el pr\u00f3ximo <strong>6 y 7 de julio <\/strong> <strong>de 2021 <\/strong>se realizar\u00e1n las reuniones de los tutores con las familias para informar de los resultados de la evaluaci\u00f3n extraordinaria. Estas reuniones se realizar\u00e1n por <strong>videoconferencia MEET, <\/strong>disponen de los enlaces <a href=\"https:\/\/www.iescarlessalvador.es\/?page_id=1496&amp;lang=es\">AQU\u00cd<\/a> y se han enviado invitaciones a los emails del alumnado. <\/p>\n\n\n\n<p>Respecto a la <strong>entrega de notas de la Evaluaci\u00f3n Extraordinaria<\/strong>, los tutores les informar\u00e1n en dicha reuni\u00f3n a celebrar los d\u00edas 6 y 7 de julio. Tambi\u00e9n podr\u00e1n <strong>consultarlas en Webfam\u00edlia<\/strong> a partir del 6 de julio. En caso de necesitar una copia en papel, pasar por Administraci\u00f3n (de Lunes a Viernes de 9:30 a 14:00h) o solicitarlo al email del centro <a href=\"mailto:4602046@gva.es\">4602046@gva.es<\/a><\/p>\n\n\n\n<p>Saludos.<\/p>\n","protected":false},"excerpt":{"rendered":"<p>Estimadas familias: Queremos comunicarles que el pr\u00f3ximo 6 y 7 de julio de 2021 se realizar\u00e1n las reuniones de los tutores con las familias para informar de los resultados de la evaluaci\u00f3n extraordinaria. Estas reuniones se realizar\u00e1n por videoconferencia MEET, disponen de los enlaces AQU\u00cd y se han enviado invitaciones a los emails del alumnado.&hellip;&nbsp;<a href=\"https:\/\/www.iescarlessalvador.es\/?p=1996&#038;lang=es\" class=\"\" rel=\"bookmark\">Leer m\u00e1s &raquo;<span class=\"screen-reader-text\">REUNIONES CON TUTORES &#8211; EVALUACI\u00d3N EXTRAORDINARIA<\/span><\/a><\/p>\n","protected":false},"author":1,"featured_media":0,"comment_status":"closed","ping_status":"closed","sticky":false,"template":"","format":"standard","meta":{"rop_custom_images_group":[],"rop_custom_messages_group":[],"rop_publish_now":"initial","rop_publish_now_accounts":[],"rop_publish_now_history":[],"rop_publish_now_status":"pending","neve_meta_sidebar":"","neve_meta_container":"","neve_meta_enable_content_width":"off","neve_meta_content_width":0,"neve_meta_title_alignment":"","neve_meta_author_avatar":"","neve_post_elements_order":"","neve_meta_disable_header":"","neve_meta_disable_footer":"","neve_meta_disable_title":"","footnotes":""},"categories":[34],"tags":[],"class_list":["post-1996","post","type-post","status-publish","format-standard","hentry","category-noticias"],"_links":{"self":[{"href":"https:\/\/www.iescarlessalvador.es\/index.php?rest_route=\/wp\/v2\/posts\/1996","targetHints":{"allow":["GET"]}}],"collection":[{"href":"https:\/\/www.iescarlessalvador.es\/index.php?rest_route=\/wp\/v2\/posts"}],"about":[{"href":"https:\/\/www.iescarlessalvador.es\/index.php?rest_route=\/wp\/v2\/types\/post"}],"author":[{"embeddable":true,"href":"https:\/\/www.iescarlessalvador.es\/index.php?rest_route=\/wp\/v2\/users\/1"}],"replies":[{"embeddable":true,"href":"https:\/\/www.iescarlessalvador.es\/index.php?rest_route=%2Fwp%2Fv2%2Fcomments&post=1996"}],"version-history":[{"count":3,"href":"https:\/\/www.iescarlessalvador.es\/index.php?rest_route=\/wp\/v2\/posts\/1996\/revisions"}],"predecessor-version":[{"id":2161,"href":"https:\/\/www.iescarlessalvador.es\/index.php?rest_route=\/wp\/v2\/posts\/1996\/revisions\/2161"}],"wp:attachment":[{"href":"https:\/\/www.iescarlessalvador.es\/index.php?rest_route=%2Fwp%2Fv2%2Fmedia&parent=1996"}],"wp:term":[{"taxonomy":"category","embeddable":true,"href":"https:\/\/www.iescarlessalvador.es\/index.php?rest_route=%2Fwp%2Fv2%2Fcategories&post=1996"},{"taxonomy":"post_tag","embeddable":true,"href":"https:\/\/www.iescarlessalvador.es\/index.php?rest_route=%2Fwp%2Fv2%2Ftags&post=1996"}],"curies":[{"name":"wp","href":"https:\/\/api.w.org\/{rel}","templated":true}]}}