{"id":2099,"date":"2021-06-28T18:03:19","date_gmt":"2021-06-28T18:03:19","guid":{"rendered":"http:\/\/www.iescarlessalvador.es\/?p=2099"},"modified":"2021-06-28T18:55:30","modified_gmt":"2021-06-28T18:55:30","slug":"programa-de-ayuda-entre-iguales","status":"publish","type":"post","link":"https:\/\/www.iescarlessalvador.es\/?p=2099&lang=es","title":{"rendered":"Programa de Ayuda entre iguales"},"content":{"rendered":"\n<p id=\"block-40c25036-e413-4c8d-9ea8-d50608372e95\">Com una imatge val m\u00e9s que mil paraules, aquest v\u00eddeo mostra el treball realitzat al programa d&#8217;ajuda entre iguals en el curs escolar 2020-21.<\/p>\n\n\n\n<p id=\"block-a91caf36-1772-409f-88fd-a96ede92165e\">Moltes gr\u00e0cies a tots per la vostra participaci\u00f3 i el vostre treball, en especial a la seua coordinadora Carmen Soto.<\/p>\n\n\n\n<figure class=\"wp-block-video\"><video controls src=\"https:\/\/www.iescarlessalvador.es\/wp-content\/uploads\/2021\/06\/video_ayuda.mp4\"><\/video><\/figure>\n","protected":false},"excerpt":{"rendered":"<p>Com una imatge val m\u00e9s que mil paraules, aquest v\u00eddeo mostra el treball realitzat al programa d&#8217;ajuda entre iguals en el curs escolar 2020-21. Moltes gr\u00e0cies a tots per la vostra participaci\u00f3 i el vostre treball, en especial a la seua coordinadora Carmen Soto.<\/p>\n","protected":false},"author":1,"featured_media":2117,"comment_status":"closed","ping_status":"closed","sticky":false,"template":"","format":"standard","meta":{"rop_custom_images_group":[],"rop_custom_messages_group":[],"rop_publish_now":"initial","rop_publish_now_accounts":[],"rop_publish_now_history":[],"rop_publish_now_status":"pending","neve_meta_sidebar":"","neve_meta_container":"","neve_meta_enable_content_width":"off","neve_meta_content_width":0,"neve_meta_title_alignment":"","neve_meta_author_avatar":"","neve_post_elements_order":"","neve_meta_disable_header":"","neve_meta_disable_footer":"","neve_meta_disable_title":"","footnotes":""},"categories":[34],"tags":[],"class_list":["post-2099","post","type-post","status-publish","format-standard","has-post-thumbnail","hentry","category-noticias"],"_links":{"self":[{"href":"https:\/\/www.iescarlessalvador.es\/index.php?rest_route=\/wp\/v2\/posts\/2099","targetHints":{"allow":["GET"]}}],"collection":[{"href":"https:\/\/www.iescarlessalvador.es\/index.php?rest_route=\/wp\/v2\/posts"}],"about":[{"href":"https:\/\/www.iescarlessalvador.es\/index.php?rest_route=\/wp\/v2\/types\/post"}],"author":[{"embeddable":true,"href":"https:\/\/www.iescarlessalvador.es\/index.php?rest_route=\/wp\/v2\/users\/1"}],"replies":[{"embeddable":true,"href":"https:\/\/www.iescarlessalvador.es\/index.php?rest_route=%2Fwp%2Fv2%2Fcomments&post=2099"}],"version-history":[{"count":2,"href":"https:\/\/www.iescarlessalvador.es\/index.php?rest_route=\/wp\/v2\/posts\/2099\/revisions"}],"predecessor-version":[{"id":2101,"href":"https:\/\/www.iescarlessalvador.es\/index.php?rest_route=\/wp\/v2\/posts\/2099\/revisions\/2101"}],"wp:featuredmedia":[{"embeddable":true,"href":"https:\/\/www.iescarlessalvador.es\/index.php?rest_route=\/wp\/v2\/media\/2117"}],"wp:attachment":[{"href":"https:\/\/www.iescarlessalvador.es\/index.php?rest_route=%2Fwp%2Fv2%2Fmedia&parent=2099"}],"wp:term":[{"taxonomy":"category","embeddable":true,"href":"https:\/\/www.iescarlessalvador.es\/index.php?rest_route=%2Fwp%2Fv2%2Fcategories&post=2099"},{"taxonomy":"post_tag","embeddable":true,"href":"https:\/\/www.iescarlessalvador.es\/index.php?rest_route=%2Fwp%2Fv2%2Ftags&post=2099"}],"curies":[{"name":"wp","href":"https:\/\/api.w.org\/{rel}","templated":true}]}}