{"id":2115,"date":"2021-06-28T18:52:54","date_gmt":"2021-06-28T18:52:54","guid":{"rendered":"http:\/\/www.iescarlessalvador.es\/?p=2115"},"modified":"2021-06-30T17:46:53","modified_gmt":"2021-06-30T17:46:53","slug":"graduacion-4-eso-ies-carles-salvador-2020-21","status":"publish","type":"post","link":"https:\/\/www.iescarlessalvador.es\/?p=2115&lang=es","title":{"rendered":"Graduaci\u00f3n 4 ESO y 2\u00ba de bach &#8211; ies Carles Salvador 2020-21"},"content":{"rendered":"\n<p>El siguiente enlace muestra el v\u00eddeo de la graduaci\u00f3n de 4\u00ba de ESO, patrocinado por el AMPA del centro. <\/p>\n\n\n\n<p>Compartimos m\u00e1s fotos del acto de graduaci\u00f3n <a href=\"https:\/\/drive.google.com\/drive\/folders\/12XRh543Q5EPAGs77Sr5DWMkkGbHFTVR3?usp=sharing\">AQU\u00cd<\/a><\/p>\n\n\n\n<p>Pulsa sobre la imagen para ver el v\u00eddeo. <\/p>\n\n\n\n<figure class=\"wp-block-image size-large\"><a href=\"https:\/\/www.youtube.com\/watch?v=RWSiPzfVLy4\"><img fetchpriority=\"high\" decoding=\"async\" width=\"1024\" height=\"540\" src=\"https:\/\/www.iescarlessalvador.es\/wp-content\/uploads\/2021\/06\/GRADUACIO_4ESP_IESCS-1024x540.png\" alt=\"\" class=\"wp-image-2113\" srcset=\"https:\/\/www.iescarlessalvador.es\/wp-content\/uploads\/2021\/06\/GRADUACIO_4ESP_IESCS-1024x540.png 1024w, https:\/\/www.iescarlessalvador.es\/wp-content\/uploads\/2021\/06\/GRADUACIO_4ESP_IESCS-300x158.png 300w, https:\/\/www.iescarlessalvador.es\/wp-content\/uploads\/2021\/06\/GRADUACIO_4ESP_IESCS-768x405.png 768w, https:\/\/www.iescarlessalvador.es\/wp-content\/uploads\/2021\/06\/GRADUACIO_4ESP_IESCS.png 1533w\" sizes=\"(max-width: 1024px) 100vw, 1024px\" \/><\/a><\/figure>\n\n\n\n<p>Tambi\u00e9n el v\u00eddeo de 2\u00ba de Bachillerato.<\/p>\n\n\n\n<figure class=\"wp-block-embed is-type-video is-provider-youtube wp-block-embed-youtube wp-embed-aspect-16-9 wp-has-aspect-ratio\"><div class=\"wp-block-embed__wrapper\">\n<div class=\"nv-iframe-embed\"><iframe title=\"GRADUACIO 2BATX IES Carles Salvador Curs 2020-21\" width=\"1200\" height=\"675\" src=\"https:\/\/www.youtube.com\/embed\/enFVzdjfeBQ?feature=oembed\" frameborder=\"0\" allow=\"accelerometer; autoplay; clipboard-write; encrypted-media; gyroscope; picture-in-picture\" allowfullscreen><\/iframe><\/div>\n<\/div><\/figure>\n","protected":false},"excerpt":{"rendered":"<p>El siguiente enlace muestra el v\u00eddeo de la graduaci\u00f3n de 4\u00ba de ESO, patrocinado por el AMPA del centro. Compartimos m\u00e1s fotos del acto de graduaci\u00f3n AQU\u00cd Pulsa sobre la imagen para ver el v\u00eddeo. Tambi\u00e9n el v\u00eddeo de 2\u00ba de Bachillerato.<\/p>\n","protected":false},"author":1,"featured_media":2113,"comment_status":"closed","ping_status":"closed","sticky":false,"template":"","format":"standard","meta":{"rop_custom_images_group":[],"rop_custom_messages_group":[],"rop_publish_now":"initial","rop_publish_now_accounts":[],"rop_publish_now_history":[],"rop_publish_now_status":"pending","neve_meta_sidebar":"","neve_meta_container":"","neve_meta_enable_content_width":"off","neve_meta_content_width":0,"neve_meta_title_alignment":"","neve_meta_author_avatar":"","neve_post_elements_order":"","neve_meta_disable_header":"","neve_meta_disable_footer":"","neve_meta_disable_title":"","footnotes":""},"categories":[34],"tags":[],"class_list":["post-2115","post","type-post","status-publish","format-standard","has-post-thumbnail","hentry","category-noticias"],"_links":{"self":[{"href":"https:\/\/www.iescarlessalvador.es\/index.php?rest_route=\/wp\/v2\/posts\/2115","targetHints":{"allow":["GET"]}}],"collection":[{"href":"https:\/\/www.iescarlessalvador.es\/index.php?rest_route=\/wp\/v2\/posts"}],"about":[{"href":"https:\/\/www.iescarlessalvador.es\/index.php?rest_route=\/wp\/v2\/types\/post"}],"author":[{"embeddable":true,"href":"https:\/\/www.iescarlessalvador.es\/index.php?rest_route=\/wp\/v2\/users\/1"}],"replies":[{"embeddable":true,"href":"https:\/\/www.iescarlessalvador.es\/index.php?rest_route=%2Fwp%2Fv2%2Fcomments&post=2115"}],"version-history":[{"count":3,"href":"https:\/\/www.iescarlessalvador.es\/index.php?rest_route=\/wp\/v2\/posts\/2115\/revisions"}],"predecessor-version":[{"id":2122,"href":"https:\/\/www.iescarlessalvador.es\/index.php?rest_route=\/wp\/v2\/posts\/2115\/revisions\/2122"}],"wp:featuredmedia":[{"embeddable":true,"href":"https:\/\/www.iescarlessalvador.es\/index.php?rest_route=\/wp\/v2\/media\/2113"}],"wp:attachment":[{"href":"https:\/\/www.iescarlessalvador.es\/index.php?rest_route=%2Fwp%2Fv2%2Fmedia&parent=2115"}],"wp:term":[{"taxonomy":"category","embeddable":true,"href":"https:\/\/www.iescarlessalvador.es\/index.php?rest_route=%2Fwp%2Fv2%2Fcategories&post=2115"},{"taxonomy":"post_tag","embeddable":true,"href":"https:\/\/www.iescarlessalvador.es\/index.php?rest_route=%2Fwp%2Fv2%2Ftags&post=2115"}],"curies":[{"name":"wp","href":"https:\/\/api.w.org\/{rel}","templated":true}]}}