{"id":2170,"date":"2021-07-08T05:06:55","date_gmt":"2021-07-08T05:06:55","guid":{"rendered":"http:\/\/www.iescarlessalvador.es\/?p=2170"},"modified":"2021-07-09T05:05:05","modified_gmt":"2021-07-09T05:05:05","slug":"nuestros-embajadores-en-el-x-aniversario-de-la-base-de-la-onu-en-quart-de-poblet","status":"publish","type":"post","link":"https:\/\/www.iescarlessalvador.es\/?p=2170&lang=es","title":{"rendered":"nuestros embajadores en el X aniversario de la base de la onu en quart de poblet"},"content":{"rendered":"\n<p id=\"block-a7e6ab69-3b97-41ef-8e29-244fcae99f7b\">El pasado 1 de julio se celebr\u00f3 el d\u00e9cimo aniversario de la Base de Naciones Unidas de Quart de Poblet. En este evento nuestr@s embajadores\/as, Elena Pascual&nbsp; y Alejandro Sanchis , explicaron al Secretario General de las Naciones Unidas, Antonio Guterres, su misi\u00f3n de difusi\u00f3n de los ODS&nbsp; a todo alumnado del centro. En este evento tambi\u00e9n participaron Ainara L\u00f3pez&nbsp; y Pablo Manzanera , junto con embajadores\/as&nbsp; de otros 7 centros educativos pertenecientes al Programa.<br>Gracias! Un abrazo.&nbsp;<\/p>\n\n\n\n<figure class=\"wp-block-gallery columns-3 is-cropped wp-block-gallery-1 is-layout-flex wp-block-gallery-is-layout-flex\"><ul class=\"blocks-gallery-grid\"><li class=\"blocks-gallery-item\"><figure><img fetchpriority=\"high\" decoding=\"async\" width=\"1024\" height=\"831\" src=\"https:\/\/www.iescarlessalvador.es\/wp-content\/uploads\/2021\/07\/20210706_135241-1024x831.jpg\" alt=\"\" data-id=\"2168\" data-full-url=\"https:\/\/www.iescarlessalvador.es\/wp-content\/uploads\/2021\/07\/20210706_135241.jpg\" data-link=\"https:\/\/www.iescarlessalvador.es\/?attachment_id=2168\" class=\"wp-image-2168\" srcset=\"https:\/\/www.iescarlessalvador.es\/wp-content\/uploads\/2021\/07\/20210706_135241-1024x831.jpg 1024w, https:\/\/www.iescarlessalvador.es\/wp-content\/uploads\/2021\/07\/20210706_135241-300x244.jpg 300w, https:\/\/www.iescarlessalvador.es\/wp-content\/uploads\/2021\/07\/20210706_135241-768x623.jpg 768w, https:\/\/www.iescarlessalvador.es\/wp-content\/uploads\/2021\/07\/20210706_135241.jpg 1036w\" sizes=\"(max-width: 1024px) 100vw, 1024px\" \/><\/figure><\/li><li class=\"blocks-gallery-item\"><figure><img decoding=\"async\" width=\"677\" height=\"1024\" src=\"https:\/\/www.iescarlessalvador.es\/wp-content\/uploads\/2021\/07\/20210706_135227-677x1024.jpg\" alt=\"\" data-id=\"2167\" data-full-url=\"https:\/\/www.iescarlessalvador.es\/wp-content\/uploads\/2021\/07\/20210706_135227.jpg\" data-link=\"https:\/\/www.iescarlessalvador.es\/?attachment_id=2167\" class=\"wp-image-2167\" srcset=\"https:\/\/www.iescarlessalvador.es\/wp-content\/uploads\/2021\/07\/20210706_135227-677x1024.jpg 677w, https:\/\/www.iescarlessalvador.es\/wp-content\/uploads\/2021\/07\/20210706_135227-198x300.jpg 198w, https:\/\/www.iescarlessalvador.es\/wp-content\/uploads\/2021\/07\/20210706_135227-768x1162.jpg 768w, https:\/\/www.iescarlessalvador.es\/wp-content\/uploads\/2021\/07\/20210706_135227-1016x1536.jpg 1016w, https:\/\/www.iescarlessalvador.es\/wp-content\/uploads\/2021\/07\/20210706_135227.jpg 1046w\" sizes=\"(max-width: 677px) 100vw, 677px\" \/><\/figure><\/li><li class=\"blocks-gallery-item\"><figure><img decoding=\"async\" width=\"1004\" height=\"635\" src=\"https:\/\/www.iescarlessalvador.es\/wp-content\/uploads\/2021\/07\/20210706_135130.jpg\" alt=\"\" data-id=\"2166\" data-full-url=\"https:\/\/www.iescarlessalvador.es\/wp-content\/uploads\/2021\/07\/20210706_135130.jpg\" data-link=\"https:\/\/www.iescarlessalvador.es\/?attachment_id=2166\" class=\"wp-image-2166\" srcset=\"https:\/\/www.iescarlessalvador.es\/wp-content\/uploads\/2021\/07\/20210706_135130.jpg 1004w, https:\/\/www.iescarlessalvador.es\/wp-content\/uploads\/2021\/07\/20210706_135130-300x190.jpg 300w, https:\/\/www.iescarlessalvador.es\/wp-content\/uploads\/2021\/07\/20210706_135130-768x486.jpg 768w\" sizes=\"(max-width: 1004px) 100vw, 1004px\" \/><\/figure><\/li><li class=\"blocks-gallery-item\"><figure><img loading=\"lazy\" decoding=\"async\" width=\"1024\" height=\"768\" src=\"https:\/\/www.iescarlessalvador.es\/wp-content\/uploads\/2021\/07\/20210701_140701-1024x768.jpg\" alt=\"\" data-id=\"2165\" data-full-url=\"https:\/\/www.iescarlessalvador.es\/wp-content\/uploads\/2021\/07\/20210701_140701-scaled.jpg\" data-link=\"https:\/\/www.iescarlessalvador.es\/?attachment_id=2165\" class=\"wp-image-2165\" srcset=\"https:\/\/www.iescarlessalvador.es\/wp-content\/uploads\/2021\/07\/20210701_140701-1024x768.jpg 1024w, https:\/\/www.iescarlessalvador.es\/wp-content\/uploads\/2021\/07\/20210701_140701-300x225.jpg 300w, https:\/\/www.iescarlessalvador.es\/wp-content\/uploads\/2021\/07\/20210701_140701-768x576.jpg 768w, https:\/\/www.iescarlessalvador.es\/wp-content\/uploads\/2021\/07\/20210701_140701-1536x1152.jpg 1536w, https:\/\/www.iescarlessalvador.es\/wp-content\/uploads\/2021\/07\/20210701_140701-2048x1536.jpg 2048w\" sizes=\"(max-width: 1024px) 100vw, 1024px\" \/><\/figure><\/li><li class=\"blocks-gallery-item\"><figure><img loading=\"lazy\" decoding=\"async\" width=\"1024\" height=\"768\" src=\"https:\/\/www.iescarlessalvador.es\/wp-content\/uploads\/2021\/07\/20210701_140657-1024x768.jpg\" alt=\"\" data-id=\"2164\" data-full-url=\"https:\/\/www.iescarlessalvador.es\/wp-content\/uploads\/2021\/07\/20210701_140657-scaled.jpg\" data-link=\"https:\/\/www.iescarlessalvador.es\/?attachment_id=2164\" class=\"wp-image-2164\" srcset=\"https:\/\/www.iescarlessalvador.es\/wp-content\/uploads\/2021\/07\/20210701_140657-1024x768.jpg 1024w, https:\/\/www.iescarlessalvador.es\/wp-content\/uploads\/2021\/07\/20210701_140657-300x225.jpg 300w, https:\/\/www.iescarlessalvador.es\/wp-content\/uploads\/2021\/07\/20210701_140657-768x576.jpg 768w, https:\/\/www.iescarlessalvador.es\/wp-content\/uploads\/2021\/07\/20210701_140657-1536x1152.jpg 1536w, https:\/\/www.iescarlessalvador.es\/wp-content\/uploads\/2021\/07\/20210701_140657-2048x1536.jpg 2048w\" sizes=\"(max-width: 1024px) 100vw, 1024px\" \/><\/figure><\/li><li class=\"blocks-gallery-item\"><figure><img loading=\"lazy\" decoding=\"async\" width=\"1024\" height=\"768\" src=\"https:\/\/www.iescarlessalvador.es\/wp-content\/uploads\/2021\/07\/20210701_110245-1024x768.jpg\" alt=\"\" data-id=\"2163\" data-full-url=\"https:\/\/www.iescarlessalvador.es\/wp-content\/uploads\/2021\/07\/20210701_110245-scaled.jpg\" data-link=\"https:\/\/www.iescarlessalvador.es\/?attachment_id=2163\" class=\"wp-image-2163\" srcset=\"https:\/\/www.iescarlessalvador.es\/wp-content\/uploads\/2021\/07\/20210701_110245-1024x768.jpg 1024w, https:\/\/www.iescarlessalvador.es\/wp-content\/uploads\/2021\/07\/20210701_110245-300x225.jpg 300w, https:\/\/www.iescarlessalvador.es\/wp-content\/uploads\/2021\/07\/20210701_110245-768x576.jpg 768w, https:\/\/www.iescarlessalvador.es\/wp-content\/uploads\/2021\/07\/20210701_110245-1536x1152.jpg 1536w, https:\/\/www.iescarlessalvador.es\/wp-content\/uploads\/2021\/07\/20210701_110245-2048x1536.jpg 2048w\" sizes=\"(max-width: 1024px) 100vw, 1024px\" \/><\/figure><\/li><\/ul><\/figure>\n\n\n\n<p>Este es el v\u00eddeo oficial del acto:<video controls=\"\" src=\"https:\/\/www.iescarlessalvador.es\/wp-content\/uploads\/2021\/07\/Video-de-X-Aniversari-Base-ONU.mp4\"><\/p>\n","protected":false},"excerpt":{"rendered":"<p>El pasado 1 de julio se celebr\u00f3 el d\u00e9cimo aniversario de la Base de Naciones Unidas de Quart de Poblet. En este evento nuestr@s embajadores\/as, Elena Pascual&nbsp; y Alejandro Sanchis , explicaron al Secretario General de las Naciones Unidas, Antonio Guterres, su misi\u00f3n de difusi\u00f3n de los ODS&nbsp; a todo alumnado del centro. En este&hellip;&nbsp;<a href=\"https:\/\/www.iescarlessalvador.es\/?p=2170&#038;lang=es\" class=\"\" rel=\"bookmark\">Leer m\u00e1s &raquo;<span class=\"screen-reader-text\">nuestros embajadores en el X aniversario de la base de la onu en quart de poblet<\/span><\/a><\/p>\n","protected":false},"author":1,"featured_media":2168,"comment_status":"closed","ping_status":"closed","sticky":false,"template":"","format":"standard","meta":{"rop_custom_images_group":[],"rop_custom_messages_group":[],"rop_publish_now":"initial","rop_publish_now_accounts":[],"rop_publish_now_history":[],"rop_publish_now_status":"pending","neve_meta_sidebar":"","neve_meta_container":"","neve_meta_enable_content_width":"off","neve_meta_content_width":0,"neve_meta_title_alignment":"","neve_meta_author_avatar":"","neve_post_elements_order":"","neve_meta_disable_header":"","neve_meta_disable_footer":"","neve_meta_disable_title":"","footnotes":""},"categories":[34],"tags":[],"class_list":["post-2170","post","type-post","status-publish","format-standard","has-post-thumbnail","hentry","category-noticias"],"_links":{"self":[{"href":"https:\/\/www.iescarlessalvador.es\/index.php?rest_route=\/wp\/v2\/posts\/2170","targetHints":{"allow":["GET"]}}],"collection":[{"href":"https:\/\/www.iescarlessalvador.es\/index.php?rest_route=\/wp\/v2\/posts"}],"about":[{"href":"https:\/\/www.iescarlessalvador.es\/index.php?rest_route=\/wp\/v2\/types\/post"}],"author":[{"embeddable":true,"href":"https:\/\/www.iescarlessalvador.es\/index.php?rest_route=\/wp\/v2\/users\/1"}],"replies":[{"embeddable":true,"href":"https:\/\/www.iescarlessalvador.es\/index.php?rest_route=%2Fwp%2Fv2%2Fcomments&post=2170"}],"version-history":[{"count":2,"href":"https:\/\/www.iescarlessalvador.es\/index.php?rest_route=\/wp\/v2\/posts\/2170\/revisions"}],"predecessor-version":[{"id":2182,"href":"https:\/\/www.iescarlessalvador.es\/index.php?rest_route=\/wp\/v2\/posts\/2170\/revisions\/2182"}],"wp:featuredmedia":[{"embeddable":true,"href":"https:\/\/www.iescarlessalvador.es\/index.php?rest_route=\/wp\/v2\/media\/2168"}],"wp:attachment":[{"href":"https:\/\/www.iescarlessalvador.es\/index.php?rest_route=%2Fwp%2Fv2%2Fmedia&parent=2170"}],"wp:term":[{"taxonomy":"category","embeddable":true,"href":"https:\/\/www.iescarlessalvador.es\/index.php?rest_route=%2Fwp%2Fv2%2Fcategories&post=2170"},{"taxonomy":"post_tag","embeddable":true,"href":"https:\/\/www.iescarlessalvador.es\/index.php?rest_route=%2Fwp%2Fv2%2Ftags&post=2170"}],"curies":[{"name":"wp","href":"https:\/\/api.w.org\/{rel}","templated":true}]}}