{"id":2200,"date":"2021-07-19T19:00:18","date_gmt":"2021-07-19T19:00:18","guid":{"rendered":"http:\/\/www.iescarlessalvador.es\/?p=2200"},"modified":"2021-07-19T19:02:49","modified_gmt":"2021-07-19T19:02:49","slug":"comunicat-ampa-19-07-2021","status":"publish","type":"post","link":"https:\/\/www.iescarlessalvador.es\/?p=2200","title":{"rendered":"Comunicat Ampa 19\/07\/2021"},"content":{"rendered":"\n<p>Estimats socis\/es:<br>AMPA IES CARLES SALVADOR<br>A les persones que han fet l\u2019ingr\u00e9s de la quota de l\u2019AMPA i eren soci@s del curs passat, els<br>comuniquem que no \u00e9s possible realitzar la devoluci\u00f3 mitjan\u00e7ant transfer\u00e8ncia, donat que en el<br>justificant no apareix el n\u00famero de conter bancari.<br>Per tant, la devoluci\u00f3 es far\u00e0 als\/les alumnes DIRECTAMENT quan comence el curs.<br>Si alguna persona vol que siga per transfer\u00e8ncia que envie un correu a ampa@iescarlessalvador.es,<br>indicant el n\u00famero de conter on volen que es fa\u00e7a la devoluci\u00f3, aix\u00ed com el nom de l\u2019alumne\/a.<\/p>\n\n\n\n<p>Sentim les mol\u00e8sties.<\/p>\n\n\n\n<p>Volem aprofitar la ocasi\u00f3 per <strong>CONVIDAR-VOS A QUE FORMEU PART DE LA DIRECTIVA DE L\u2019AMPA<\/strong>, ja que les persones que fins ara s\u2019han fet c\u00e0rrec del funcionament de l\u2019associaci\u00f3, en la mesura de les seues<br>possibilitats, acaben la seua etapa i l\u2019<strong>ASSOCIACI\u00d3 EST\u00c0 EN RISC DE DESAPAR\u00c8IXER<\/strong>; per tant, si esteu<br>interessats\/es en continuar i modernitzar-la, fiqueu-vos en contacte en nosaltres a la seg\u00fcent adre\u00e7a<br>electr\u00f2nica: ampa@iescarlessalvador.es.<\/p>\n\n\n\n<p><br>JUNTA DIRECTIVA AMPA IES CARLES SALVADOR<\/p>\n\n\n\n<p class=\"has-text-align-center\"><a href=\"https:\/\/www.iescarlessalvador.es\/wp-content\/uploads\/2021\/07\/21_07_19_Carta-AMPA-IES-CARLES-SALVADOR.pdf\">Descarrega el comunicat<\/a><\/p>\n","protected":false},"excerpt":{"rendered":"<p>Estimats socis\/es:AMPA IES CARLES SALVADORA les persones que han fet l\u2019ingr\u00e9s de la quota de l\u2019AMPA i eren soci@s del curs passat, elscomuniquem que no \u00e9s possible realitzar la devoluci\u00f3 mitjan\u00e7ant transfer\u00e8ncia, donat que en eljustificant no apareix el n\u00famero de conter bancari.Per tant, la devoluci\u00f3 es far\u00e0 als\/les alumnes DIRECTAMENT quan comence el curs.Si&hellip;&nbsp;<a href=\"https:\/\/www.iescarlessalvador.es\/?p=2200\" class=\"\" rel=\"bookmark\">Leer m\u00e1s &raquo;<span class=\"screen-reader-text\">Comunicat Ampa 19\/07\/2021<\/span><\/a><\/p>\n","protected":false},"author":1,"featured_media":2203,"comment_status":"closed","ping_status":"closed","sticky":false,"template":"","format":"standard","meta":{"rop_custom_images_group":[],"rop_custom_messages_group":[],"rop_publish_now":"initial","rop_publish_now_accounts":[],"rop_publish_now_history":[],"rop_publish_now_status":"pending","neve_meta_sidebar":"","neve_meta_container":"","neve_meta_enable_content_width":"off","neve_meta_content_width":0,"neve_meta_title_alignment":"","neve_meta_author_avatar":"","neve_post_elements_order":"","neve_meta_disable_header":"","neve_meta_disable_footer":"","neve_meta_disable_title":"","footnotes":""},"categories":[13],"tags":[],"class_list":["post-2200","post","type-post","status-publish","format-standard","has-post-thumbnail","hentry","category-sin-categoria-ca"],"_links":{"self":[{"href":"https:\/\/www.iescarlessalvador.es\/index.php?rest_route=\/wp\/v2\/posts\/2200","targetHints":{"allow":["GET"]}}],"collection":[{"href":"https:\/\/www.iescarlessalvador.es\/index.php?rest_route=\/wp\/v2\/posts"}],"about":[{"href":"https:\/\/www.iescarlessalvador.es\/index.php?rest_route=\/wp\/v2\/types\/post"}],"author":[{"embeddable":true,"href":"https:\/\/www.iescarlessalvador.es\/index.php?rest_route=\/wp\/v2\/users\/1"}],"replies":[{"embeddable":true,"href":"https:\/\/www.iescarlessalvador.es\/index.php?rest_route=%2Fwp%2Fv2%2Fcomments&post=2200"}],"version-history":[{"count":1,"href":"https:\/\/www.iescarlessalvador.es\/index.php?rest_route=\/wp\/v2\/posts\/2200\/revisions"}],"predecessor-version":[{"id":2201,"href":"https:\/\/www.iescarlessalvador.es\/index.php?rest_route=\/wp\/v2\/posts\/2200\/revisions\/2201"}],"wp:featuredmedia":[{"embeddable":true,"href":"https:\/\/www.iescarlessalvador.es\/index.php?rest_route=\/wp\/v2\/media\/2203"}],"wp:attachment":[{"href":"https:\/\/www.iescarlessalvador.es\/index.php?rest_route=%2Fwp%2Fv2%2Fmedia&parent=2200"}],"wp:term":[{"taxonomy":"category","embeddable":true,"href":"https:\/\/www.iescarlessalvador.es\/index.php?rest_route=%2Fwp%2Fv2%2Fcategories&post=2200"},{"taxonomy":"post_tag","embeddable":true,"href":"https:\/\/www.iescarlessalvador.es\/index.php?rest_route=%2Fwp%2Fv2%2Ftags&post=2200"}],"curies":[{"name":"wp","href":"https:\/\/api.w.org\/{rel}","templated":true}]}}