{"id":2208,"date":"2021-09-01T21:20:25","date_gmt":"2021-09-01T21:20:25","guid":{"rendered":"http:\/\/www.iescarlessalvador.es\/?p=2208"},"modified":"2021-09-05T19:54:33","modified_gmt":"2021-09-05T19:54:33","slug":"inici-curs-escolar-2021-22","status":"publish","type":"post","link":"https:\/\/www.iescarlessalvador.es\/?p=2208","title":{"rendered":"INICI CURS ESCOLAR 2021-22"},"content":{"rendered":"\t\t<div data-elementor-type=\"wp-post\" data-elementor-id=\"2208\" class=\"elementor elementor-2208\">\n\t\t\t\t\t\t<section class=\"elementor-section elementor-top-section elementor-element elementor-element-227f233f elementor-section-boxed elementor-section-height-default elementor-section-height-default\" data-id=\"227f233f\" data-element_type=\"section\" data-e-type=\"section\">\n\t\t\t\t\t\t<div class=\"elementor-container elementor-column-gap-default\">\n\t\t\t\t\t<div class=\"elementor-column elementor-col-100 elementor-top-column elementor-element elementor-element-7acd4665\" data-id=\"7acd4665\" data-element_type=\"column\" data-e-type=\"column\">\n\t\t\t<div class=\"elementor-widget-wrap elementor-element-populated\">\n\t\t\t\t\t\t<div class=\"elementor-element elementor-element-6371563c elementor-widget elementor-widget-text-editor\" data-id=\"6371563c\" data-element_type=\"widget\" data-e-type=\"widget\" data-widget_type=\"text-editor.default\">\n\t\t\t\t<div class=\"elementor-widget-container\">\n\t\t\t\t\t\t\t\t\t<p><\/p>\n<p><strong><em>Aquest es el calendari d\u2019inici del curs escolar 2021-22 a l\u2019IES Carles Salvador<\/em><\/strong><\/p>\n<p><strong><em>\u00a0<\/em><\/strong><\/p>\n<p><strong><em>DILLUNS 6 DE SETEMBRE<\/em><\/strong><\/p>\n<p><\/p>\n<p><\/p>\n<p>Publicaci\u00f3 dels llistats de l\u2019alumnat matriculat als diferents cursos i grups.<\/p>\n<p><\/p>\n<p><\/p>\n<div class=\"is-layout-flex wp-container-core-columns-is-layout-9d6595d7 wp-block-columns-is-layout-flex\">\n<p><\/p>\n<div class=\"is-layout-flow wp-block-column-is-layout-flow\" style=\"flex-basis: 100%;\">\n<p><\/p>\n<figure>\n<table style=\"height: 333px;\" width=\"123\">\n<tbody>\n<tr>\n<td><a href=\"https:\/\/www.iescarlessalvador.es\/wp-content\/uploads\/2021\/09\/LLISTATS_1ESO.pdf\">1r ESO<\/a>\u00a0<\/td>\n<td>\u00a0<\/td>\n<td>\u00a0<\/td>\n<\/tr>\n<tr>\n<td><a href=\"https:\/\/www.iescarlessalvador.es\/wp-content\/uploads\/2021\/09\/LLISTATS_2ESOPAC.pdf\">2n ESO + PAC<\/a>\u00a0<\/td>\n<td>\u00a0<\/td>\n<td>\u00a0<\/td>\n<\/tr>\n<tr>\n<td><a href=\"https:\/\/www.iescarlessalvador.es\/wp-content\/uploads\/2021\/09\/LLISTATS_3ESOPMAR.pdf\">3r ESO +PMAR<\/a><\/td>\n<td>\u00a0<\/td>\n<td>\u00a0<\/td>\n<\/tr>\n<tr>\n<td><a href=\"https:\/\/www.iescarlessalvador.es\/wp-content\/uploads\/2021\/09\/LLISTATS_4ESOPR.pdf\">4t ESO +PR4<\/a><\/td>\n<td>\u00a0<\/td>\n<td>\u00a0<\/td>\n<\/tr>\n<tr>\n<td>\u00a0<\/td>\n<td>\u00a0<\/td>\n<td>\u00a0\u00a0\u00a0\u00a0 \u00a0\u00a0\u00a0\u00a0\u00a0\u00a0\u00a0\u00a0\u00a0\u00a0<\/td>\n<\/tr>\n<tr>\n<td><a href=\"https:\/\/www.iescarlessalvador.es\/wp-content\/uploads\/2021\/09\/LLISTATS_1BAT.pdf\">1r BATX<\/a><\/td>\n<td>\u00a0<\/td>\n<td>\u00a0<\/td>\n<\/tr>\n<tr>\n<td><a href=\"https:\/\/www.iescarlessalvador.es\/wp-content\/uploads\/2021\/09\/LLISTATS_2BAT.pdf\">2n BATX\u00a0<\/a><\/td>\n<td>\u00a0<\/td>\n<td>\u00a0<\/td>\n<\/tr>\n<tr>\n<td>\u00a0<\/td>\n<td>\u00a0<\/td>\n<td>\u00a0<\/td>\n<\/tr>\n<\/tbody>\n<\/table>\n<\/figure>\n<p><\/p>\n<\/div>\n<p><\/p>\n<\/div>\n<p><\/p>\n<p><\/p>\n<p><strong><em>DIMARTS 7 DE SETEMBRE<\/em><\/strong><\/p>\n<p><\/p>\n<p><\/p>\n<p>18:00 h Reuni\u00f3 informativa per MEET adre\u00e7ada a les fam\u00edlies de l\u2019alumnat de 1r ESO o que s\u2019incorpora al centre, per donar les darreres indicacions i resoldre dubtes que puguen tindre al seg\u00fcent enlla\u00e7:<\/p>\n<p style=\"text-align: center;\" align=\"center\"><span lang=\"CA\"><a href=\"https:\/\/meet.google.com\/uff-ziyr-ywq\">https:\/\/meet.google.com\/uff-ziyr-ywq<\/a><\/span><\/p>\n<p><\/p>\n<p><\/p>\n<p>\u00a0<\/p>\n<p><\/p>\n<p><\/p>\n<p><strong><em>DIMECRES 8 DE SETEMBRE<\/em><\/strong><\/p>\n<p><\/p>\n<p><\/p>\n<p class=\"MsoNormal\" style=\"margin-top: .3pt;\"><span lang=\"CA\">L\u2019alumnat acudir\u00e0 al centre en l\u2019horari indicat per realitzar la sessi\u00f3 d\u2019acollida amb els tutors. Han de portar material escolar per prendre nota (llibreta o quadern, material per escriure i la motxilla per emportar-se els llibres l\u2019alumnat que pertany a la xarxa).<\/span><\/p>\n<p><\/p>\n<p><\/p>\n<p style=\"text-align: center;\"><span style=\"text-decoration: underline;\">AULES JORNADA D\u2019ACOLLIDA<\/span><\/p>\n<p><\/p>\n<p><\/p>\n<figure>\n<table border=\"1\" cellspacing=\"0\" cellpadding=\"0\">\n<tbody>\n<tr>\n<td><strong>GRUP<\/strong><\/td>\n<td><strong>HORA<\/strong><\/td>\n<td><strong>AULA<\/strong><\/td>\n<\/tr>\n<tr>\n<td>1r ESO A<\/td>\n<td>09:00<\/td>\n<td>0.1<\/td>\n<\/tr>\n<tr>\n<td>1r ESO B<\/td>\n<td>09:00<\/td>\n<td>0.2<\/td>\n<\/tr>\n<tr>\n<td>1r ESO C<\/td>\n<td>09:15<\/td>\n<td>0.3<\/td>\n<\/tr>\n<tr>\n<td>2n ESO A<\/td>\n<td>12:30<\/td>\n<td>1.1<\/td>\n<\/tr>\n<tr>\n<td>2n ESO B<\/td>\n<td>12:30<\/td>\n<td>1.3<\/td>\n<\/tr>\n<tr>\n<td>2n ESO C<\/td>\n<td>12:45<\/td>\n<td>1.6<\/td>\n<\/tr>\n<tr>\n<td>2n ESO D<\/td>\n<td>12:45<\/td>\n<td>1.8<\/td>\n<\/tr>\n<tr>\n<td>PAC<\/td>\n<td>13:00<\/td>\n<td>1.12<\/td>\n<\/tr>\n<tr>\n<td>3r ESO A<\/td>\n<td>11:00<\/td>\n<td>1.10<\/td>\n<\/tr>\n<tr>\n<td>3r ESO B<\/td>\n<td>11:00<\/td>\n<td>1.11<\/td>\n<\/tr>\n<tr>\n<td>3r ESO C<\/td>\n<td>11:15<\/td>\n<td>1.13<\/td>\n<\/tr>\n<tr>\n<td>3r PMAR<\/td>\n<td>11:15<\/td>\n<td>S.Multiusos<\/td>\n<\/tr>\n<tr>\n<td>4t ESO A<\/td>\n<td>12:00<\/td>\n<td>2.2<\/td>\n<\/tr>\n<tr>\n<td>4t ESO B<\/td>\n<td>12:00<\/td>\n<td>2.3<\/td>\n<\/tr>\n<tr>\n<td>4t ESO C<\/td>\n<td>12:15<\/td>\n<td>2.4<\/td>\n<\/tr>\n<tr>\n<td>PR4<\/td>\n<td>12:15<\/td>\n<td>2.5<\/td>\n<\/tr>\n<tr>\n<td>1r BATX \u2013 C<\/td>\n<td>09:45<\/td>\n<td>2.6<\/td>\n<\/tr>\n<tr>\n<td>1r BATX \u2013 H<\/td>\n<td>09:45<\/td>\n<td>2.7<\/td>\n<\/tr>\n<tr>\n<td>2n BATX \u2013 C<\/td>\n<td>10:15<\/td>\n<td>Sal\u00f3 d\u2019Actes<\/td>\n<\/tr>\n<tr>\n<td>2n BATX \u2013 H<\/td>\n<td>10:15<\/td>\n<td>2.8<\/td>\n<\/tr>\n<tr>\n<td>1r FPB<\/td>\n<td>13:00<\/td>\n<td>2.1 (INFO)<\/td>\n<\/tr>\n<tr>\n<td>2n FPB<\/td>\n<td>13:00<\/td>\n<td>1.4 (INFO)<\/td>\n<\/tr>\n<\/tbody>\n<\/table>\n<\/figure>\n<p><\/p>\n<p style=\"text-align: center;\">Podeu descarregar aquesta informaci\u00f3 en format pdf <a href=\"https:\/\/www.iescarlessalvador.es\/wp-content\/uploads\/2021\/09\/INICI-DE-CURS_21_22_families.pdf\">AC\u00cd<\/a><\/p>\t\t\t\t\t\t\t\t<\/div>\n\t\t\t\t<\/div>\n\t\t\t\t\t<\/div>\n\t\t<\/div>\n\t\t\t\t\t<\/div>\n\t\t<\/section>\n\t\t\t\t<\/div>\n\t\t","protected":false},"excerpt":{"rendered":"<p>Aquest es el calendari d\u2019inici del curs escolar 2021-22 a l\u2019IES Carles Salvador \u00a0 DILLUNS 6 DE SETEMBRE Publicaci\u00f3 dels llistats de l\u2019alumnat matriculat als diferents cursos i grups. 1r ESO\u00a0 \u00a0 \u00a0 2n ESO + PAC\u00a0 \u00a0 \u00a0 3r ESO +PMAR \u00a0 \u00a0 4t ESO +PR4 \u00a0 \u00a0 \u00a0 \u00a0 \u00a0\u00a0\u00a0\u00a0 \u00a0\u00a0\u00a0\u00a0\u00a0\u00a0\u00a0\u00a0\u00a0\u00a0 1r BATX&hellip;&nbsp;<a href=\"https:\/\/www.iescarlessalvador.es\/?p=2208\" class=\"\" rel=\"bookmark\">Leer m\u00e1s &raquo;<span class=\"screen-reader-text\">INICI CURS ESCOLAR 2021-22<\/span><\/a><\/p>\n","protected":false},"author":1,"featured_media":0,"comment_status":"closed","ping_status":"closed","sticky":false,"template":"","format":"standard","meta":{"rop_custom_images_group":[],"rop_custom_messages_group":[],"rop_publish_now":"initial","rop_publish_now_accounts":[],"rop_publish_now_history":[],"rop_publish_now_status":"pending","neve_meta_sidebar":"","neve_meta_container":"","neve_meta_enable_content_width":"off","neve_meta_content_width":0,"neve_meta_title_alignment":"","neve_meta_author_avatar":"","neve_post_elements_order":"","neve_meta_disable_header":"","neve_meta_disable_footer":"","neve_meta_disable_title":"","footnotes":""},"categories":[13],"tags":[],"class_list":["post-2208","post","type-post","status-publish","format-standard","hentry","category-sin-categoria-ca"],"_links":{"self":[{"href":"https:\/\/www.iescarlessalvador.es\/index.php?rest_route=\/wp\/v2\/posts\/2208","targetHints":{"allow":["GET"]}}],"collection":[{"href":"https:\/\/www.iescarlessalvador.es\/index.php?rest_route=\/wp\/v2\/posts"}],"about":[{"href":"https:\/\/www.iescarlessalvador.es\/index.php?rest_route=\/wp\/v2\/types\/post"}],"author":[{"embeddable":true,"href":"https:\/\/www.iescarlessalvador.es\/index.php?rest_route=\/wp\/v2\/users\/1"}],"replies":[{"embeddable":true,"href":"https:\/\/www.iescarlessalvador.es\/index.php?rest_route=%2Fwp%2Fv2%2Fcomments&post=2208"}],"version-history":[{"count":33,"href":"https:\/\/www.iescarlessalvador.es\/index.php?rest_route=\/wp\/v2\/posts\/2208\/revisions"}],"predecessor-version":[{"id":2260,"href":"https:\/\/www.iescarlessalvador.es\/index.php?rest_route=\/wp\/v2\/posts\/2208\/revisions\/2260"}],"wp:attachment":[{"href":"https:\/\/www.iescarlessalvador.es\/index.php?rest_route=%2Fwp%2Fv2%2Fmedia&parent=2208"}],"wp:term":[{"taxonomy":"category","embeddable":true,"href":"https:\/\/www.iescarlessalvador.es\/index.php?rest_route=%2Fwp%2Fv2%2Fcategories&post=2208"},{"taxonomy":"post_tag","embeddable":true,"href":"https:\/\/www.iescarlessalvador.es\/index.php?rest_route=%2Fwp%2Fv2%2Ftags&post=2208"}],"curies":[{"name":"wp","href":"https:\/\/api.w.org\/{rel}","templated":true}]}}