{"id":2396,"date":"2021-09-23T18:34:55","date_gmt":"2021-09-23T18:34:55","guid":{"rendered":"http:\/\/www.iescarlessalvador.es\/?p=2396"},"modified":"2021-09-23T18:41:15","modified_gmt":"2021-09-23T18:41:15","slug":"comunicat-ampa-23-09-2021","status":"publish","type":"post","link":"https:\/\/www.iescarlessalvador.es\/?p=2396","title":{"rendered":"Comunicat Ampa 23\/09\/2021"},"content":{"rendered":"\n<p>Estimats socis\/es:<\/p>\n\n\n\n<p>Com que no disposem de carnet de soci\/a, podreu beneficiar-vos del descompte a la papereria CARLIN d&#8217;\u00b4Aldaia presentant el <strong>rebut de la transfer\u00e8ncia banc\u00e0ria<\/strong> de la quota de l&#8217;\u00b4<strong>AMPA<\/strong> tant d\u00b4aquest curs (2021-2022) com del curs passat (2020-2021). <\/p>\n\n\n\n<p>Volem aprofitar l&#8217;ocasi\u00f3 per <strong>CONVIDAR-VOS A QUE FORMEU PART DE LA DIRECTIVA DE L\u2019AMPA<\/strong>, ja que les persones que fins ara han s\u2019han fet c\u00e0rrec del funcionament de l\u2019associaci\u00f3, en la mesura de les seues<br>possibilitats, acaben la seua etapa i l\u2019<strong>ASSOCIACI\u00d3 EST\u00c0 EN RISC DE DESAPAR\u00c8IXER<\/strong>; per tant, si esteu interessats\/es en continuar i modernitzar-la, fiqueu-vos en contacte en nosaltres a la seg\u00fcent adre\u00e7a<br>electr\u00f2nica: <a href=\"mailto:ampa@iescarlessalvador.es\">ampa@iescarlessalvador.es<\/a><\/p>\n\n\n\n<p>Podeu descarregar el comunicat <a href=\"https:\/\/www.iescarlessalvador.es\/wp-content\/uploads\/2021\/09\/COMUNICAT-AMPA-CARLIN.pdf\">AC\u00cd<\/a><\/p>\n\n\n\n<p>I tamb\u00e9 l&#8217;acord amb Carlin <a href=\"https:\/\/www.iescarlessalvador.es\/wp-content\/uploads\/2021\/09\/ACORD-CARLIN-AMPA.pdf\">AC\u00cd<\/a><\/p>\n\n\n\n<p class=\"has-text-align-center\"><br><strong>JUNTA DIRECTIVA AMPA IES CARLES SALVADOR<\/strong><\/p>\n","protected":false},"excerpt":{"rendered":"<p>Estimats socis\/es: Com que no disposem de carnet de soci\/a, podreu beneficiar-vos del descompte a la papereria CARLIN d&#8217;\u00b4Aldaia presentant el rebut de la transfer\u00e8ncia banc\u00e0ria de la quota de l&#8217;\u00b4AMPA tant d\u00b4aquest curs (2021-2022) com del curs passat (2020-2021). Volem aprofitar l&#8217;ocasi\u00f3 per CONVIDAR-VOS A QUE FORMEU PART DE LA DIRECTIVA DE L\u2019AMPA, ja&hellip;&nbsp;<a href=\"https:\/\/www.iescarlessalvador.es\/?p=2396\" class=\"\" rel=\"bookmark\">Leer m\u00e1s &raquo;<span class=\"screen-reader-text\">Comunicat Ampa 23\/09\/2021<\/span><\/a><\/p>\n","protected":false},"author":1,"featured_media":0,"comment_status":"closed","ping_status":"closed","sticky":false,"template":"","format":"standard","meta":{"rop_custom_images_group":[],"rop_custom_messages_group":[],"rop_publish_now":"initial","rop_publish_now_accounts":[],"rop_publish_now_history":[],"rop_publish_now_status":"pending","neve_meta_sidebar":"","neve_meta_container":"","neve_meta_enable_content_width":"off","neve_meta_content_width":0,"neve_meta_title_alignment":"","neve_meta_author_avatar":"","neve_post_elements_order":"","neve_meta_disable_header":"","neve_meta_disable_footer":"","neve_meta_disable_title":"","footnotes":""},"categories":[13],"tags":[],"class_list":["post-2396","post","type-post","status-publish","format-standard","hentry","category-sin-categoria-ca"],"_links":{"self":[{"href":"https:\/\/www.iescarlessalvador.es\/index.php?rest_route=\/wp\/v2\/posts\/2396","targetHints":{"allow":["GET"]}}],"collection":[{"href":"https:\/\/www.iescarlessalvador.es\/index.php?rest_route=\/wp\/v2\/posts"}],"about":[{"href":"https:\/\/www.iescarlessalvador.es\/index.php?rest_route=\/wp\/v2\/types\/post"}],"author":[{"embeddable":true,"href":"https:\/\/www.iescarlessalvador.es\/index.php?rest_route=\/wp\/v2\/users\/1"}],"replies":[{"embeddable":true,"href":"https:\/\/www.iescarlessalvador.es\/index.php?rest_route=%2Fwp%2Fv2%2Fcomments&post=2396"}],"version-history":[{"count":1,"href":"https:\/\/www.iescarlessalvador.es\/index.php?rest_route=\/wp\/v2\/posts\/2396\/revisions"}],"predecessor-version":[{"id":2399,"href":"https:\/\/www.iescarlessalvador.es\/index.php?rest_route=\/wp\/v2\/posts\/2396\/revisions\/2399"}],"wp:attachment":[{"href":"https:\/\/www.iescarlessalvador.es\/index.php?rest_route=%2Fwp%2Fv2%2Fmedia&parent=2396"}],"wp:term":[{"taxonomy":"category","embeddable":true,"href":"https:\/\/www.iescarlessalvador.es\/index.php?rest_route=%2Fwp%2Fv2%2Fcategories&post=2396"},{"taxonomy":"post_tag","embeddable":true,"href":"https:\/\/www.iescarlessalvador.es\/index.php?rest_route=%2Fwp%2Fv2%2Ftags&post=2396"}],"curies":[{"name":"wp","href":"https:\/\/api.w.org\/{rel}","templated":true}]}}