{"id":2400,"date":"2021-09-23T18:40:49","date_gmt":"2021-09-23T18:40:49","guid":{"rendered":"http:\/\/www.iescarlessalvador.es\/?p=2400"},"modified":"2021-09-23T18:41:03","modified_gmt":"2021-09-23T18:41:03","slug":"comunicado-ampa-23-09-2021","status":"publish","type":"post","link":"https:\/\/www.iescarlessalvador.es\/?p=2400&lang=es","title":{"rendered":"Comunicado ampa 23\/09\/2021"},"content":{"rendered":"\n<p>Estimdos socios\/as:<\/p>\n\n\n\n<p>Dado que no disponemos de carnet de socio\/a, podr\u00e9is beneficiaros del descuento en la papeler\u00eda CARLIN de Aldaia presentando el recibo de la transferencia bancaria de la cuota del AMPA tanto de este curso (2021-22) como del curso pasado (2020-21).<\/p>\n\n\n\n<p>Queremos aprovechas la ocasi\u00f3n para<strong> INVITARLES A QUE FORMEN PARTE DE LA DIRECTIVA DEL AMPA<\/strong>, ya que las personas que hasta ahora se han hecho cargo del funcionamiento de la asociaci\u00f3n, en la medida de sus posibilidades, acaban su etapa y la <strong>ASOCIACI\u00d3N EST\u00c1 EN RIESGO DE DESAPARECER<\/strong>; por tanto, si estan interesados\/as en continuar y modernizarla, ponganse en contacto con nosotros en la siguiente direcci\u00f3n electr\u00f3nica: <a href=\"mailto:ampa@iescarlessalvador.es\">ampa@iescarlessalvador.es<\/a><\/p>\n\n\n\n<p>Pueden descargar este comunicado <a href=\"https:\/\/www.iescarlessalvador.es\/wp-content\/uploads\/2021\/09\/COMUNICAT-AMPA-CARLIN.pdf\">AQUI<\/a><\/p>\n\n\n\n<p>Y tambi\u00e9n el acuerdo con CARLIN <a href=\"https:\/\/www.iescarlessalvador.es\/wp-content\/uploads\/2021\/09\/ACORD-CARLIN-AMPA.pdf\">AQU\u00cd<\/a><\/p>\n\n\n\n<p class=\"has-text-align-center\"><br><strong>JUNTA DIRECTIVA AMPA IES CARLES SALVADOR<\/strong><\/p>\n","protected":false},"excerpt":{"rendered":"<p>Estimdos socios\/as: Dado que no disponemos de carnet de socio\/a, podr\u00e9is beneficiaros del descuento en la papeler\u00eda CARLIN de Aldaia presentando el recibo de la transferencia bancaria de la cuota del AMPA tanto de este curso (2021-22) como del curso pasado (2020-21). Queremos aprovechas la ocasi\u00f3n para INVITARLES A QUE FORMEN PARTE DE LA DIRECTIVA&hellip;&nbsp;<a href=\"https:\/\/www.iescarlessalvador.es\/?p=2400&#038;lang=es\" class=\"\" rel=\"bookmark\">Leer m\u00e1s &raquo;<span class=\"screen-reader-text\">Comunicado ampa 23\/09\/2021<\/span><\/a><\/p>\n","protected":false},"author":1,"featured_media":0,"comment_status":"closed","ping_status":"closed","sticky":false,"template":"","format":"standard","meta":{"rop_custom_images_group":[],"rop_custom_messages_group":[],"rop_publish_now":"initial","rop_publish_now_accounts":[],"rop_publish_now_history":[],"rop_publish_now_status":"pending","neve_meta_sidebar":"","neve_meta_container":"","neve_meta_enable_content_width":"off","neve_meta_content_width":0,"neve_meta_title_alignment":"","neve_meta_author_avatar":"","neve_post_elements_order":"","neve_meta_disable_header":"","neve_meta_disable_footer":"","neve_meta_disable_title":"","footnotes":""},"categories":[34],"tags":[],"class_list":["post-2400","post","type-post","status-publish","format-standard","hentry","category-noticias"],"_links":{"self":[{"href":"https:\/\/www.iescarlessalvador.es\/index.php?rest_route=\/wp\/v2\/posts\/2400","targetHints":{"allow":["GET"]}}],"collection":[{"href":"https:\/\/www.iescarlessalvador.es\/index.php?rest_route=\/wp\/v2\/posts"}],"about":[{"href":"https:\/\/www.iescarlessalvador.es\/index.php?rest_route=\/wp\/v2\/types\/post"}],"author":[{"embeddable":true,"href":"https:\/\/www.iescarlessalvador.es\/index.php?rest_route=\/wp\/v2\/users\/1"}],"replies":[{"embeddable":true,"href":"https:\/\/www.iescarlessalvador.es\/index.php?rest_route=%2Fwp%2Fv2%2Fcomments&post=2400"}],"version-history":[{"count":1,"href":"https:\/\/www.iescarlessalvador.es\/index.php?rest_route=\/wp\/v2\/posts\/2400\/revisions"}],"predecessor-version":[{"id":2401,"href":"https:\/\/www.iescarlessalvador.es\/index.php?rest_route=\/wp\/v2\/posts\/2400\/revisions\/2401"}],"wp:attachment":[{"href":"https:\/\/www.iescarlessalvador.es\/index.php?rest_route=%2Fwp%2Fv2%2Fmedia&parent=2400"}],"wp:term":[{"taxonomy":"category","embeddable":true,"href":"https:\/\/www.iescarlessalvador.es\/index.php?rest_route=%2Fwp%2Fv2%2Fcategories&post=2400"},{"taxonomy":"post_tag","embeddable":true,"href":"https:\/\/www.iescarlessalvador.es\/index.php?rest_route=%2Fwp%2Fv2%2Ftags&post=2400"}],"curies":[{"name":"wp","href":"https:\/\/api.w.org\/{rel}","templated":true}]}}