{"id":2434,"date":"2025-10-17T06:41:34","date_gmt":"2025-10-17T06:41:34","guid":{"rendered":"http:\/\/www.iescarlessalvador.es\/?p=2434"},"modified":"2025-10-17T06:41:42","modified_gmt":"2025-10-17T06:41:42","slug":"eleccions-consell-escolar","status":"publish","type":"post","link":"https:\/\/www.iescarlessalvador.es\/?p=2434","title":{"rendered":"ELECCIONS CONSELL ESCOLAR 2025"},"content":{"rendered":"\n<p>El proper <strong>19 de novembre<\/strong> hi hauran <strong>eleccions al Consell Escolar <\/strong>del centre. El passat, 15 d\u2019octubre, se va constituir la junta electoral i va acordar aquest calendari:<\/p>\n\n\n\n<p>&#8211; <strong>Fins al 3 de novembre<\/strong>: <strong>Presentaci\u00f3 de Candidatures<\/strong>.<\/p>\n\n\n\n<p>&#8211; 4 de novembre: Publicaci\u00f3 de llistats provisionals de candidatures.<\/p>\n\n\n\n<p>&#8211; 10 de novembre: Publicaci\u00f3 llistats definitius de candidatures<\/p>\n\n\n\n<p>&#8211; <strong>19 de novembre<\/strong>: <strong>ELECCIONS AL CONSELL ESCOLAR<\/strong><\/p>\n\n\n\n<p><\/p>\n\n\n\n<p>PRESENTACI\u00d3 DE CANDIDATURES:<\/p>\n\n\n\n<p>Les persones interessades en ser candidats hauran de presentar una inst\u00e0ncia en horari de secretaria fins al 3 de novembre. Aquestes inst\u00e0ncies poden descarregar-se ac\u00ed:<\/p>\n\n\n\n<p><a href=\"https:\/\/ceice.gva.es\/documents\/161863075\/396765788\/Annex_IVB4_Candidatures_independents_families.pdf\">https:\/\/ceice.gva.es\/va\/web\/madres-padres-alumnos\/eleccions-centres<\/a><\/p>\n\n\n\n<p><\/p>\n\n\n\n<p>CENS ELECTORAL:<\/p>\n\n\n\n<p>El cens electoral est\u00e0 exposat al tauler d\u2019administraci\u00f3 del centre, fins el dia de les eleccions. Podeu comprovar-hi la vostra inscripci\u00f3.<\/p>\n\n\n\n<p><\/p>\n\n\n\n<p><a href=\"https:\/\/www.iescarlessalvador.es\/wp-content\/uploads\/2025\/10\/comunicat-families-Eleccions-Consell-Escolar_NOTA_INFORMATIVA.pdf\">NOTA INFORMATIVA 1<\/a><\/p>\n\n\n\n<p><strong>A L\u2019ATENCI\u00d3 DE LES FAM\u00cdLIES DELS ALUMNES<\/strong> <strong>DE L\u2019IES CARLES SALVADOR D\u2019ALDAIA<\/strong><\/p>\n\n\n\n<p>Per la present els comuniquem que, el <strong><u>dijous 19 de novembre<\/u><\/strong> se celebraran <strong>Eleccions al Consell Escolar<\/strong> del Centre.<\/p>\n\n\n\n<p>El Consell Escolar \u00e9s l\u2019\u00f2rgan de participaci\u00f3 dels diferents sectors de la comunitat educativa en el govern del centre. T\u00e9 entre altres les seg\u00fcents funcions:<\/p>\n\n\n\n<p>&#8211; Supervisar, analitzar i valorar l\u2019activitat general del centre en els aspectes administratius i docents.<\/p>\n\n\n\n<p>&#8211; Avaluar el pla de normalitzaci\u00f3 ling\u00fc\u00edstica del centre.<\/p>\n\n\n\n<p>&#8211; Aprovar el reglament de r\u00e8gim intern.<\/p>\n\n\n\n<p>&#8211; Aprovar el projecte de pressupost de l\u2019institut i la seua execuci\u00f3.<\/p>\n\n\n\n<p>&#8211; Elaborar les directrius per a la programaci\u00f3 i la realitzaci\u00f3 de les activitats escolars complement\u00e0ries y extraescolars.<\/p>\n\n\n\n<p>En definitiva ser un \u00f2rgan col\u00b7laboraci\u00f3 activa en la vida escolar.<\/p>\n\n\n\n<p>A partir del dia 20 d\u2019octubre va quedar exposat al tauler d\u2019administraci\u00f3 del centre el <strong>CENS ELECTORAL<\/strong>, on podeu comprovar la vostra inscripci\u00f3.<\/p>\n\n\n\n<p>Conscients de la import\u00e0ncia que t\u00e9 aquest \u00f2rgan volem animar-vos a que <strong>presenteu la vostra CANDIDATURA<\/strong>. Sols heu d\u2019omplir l\u2019impr\u00e9s que us facilitaran a la Secretaria o al web del Centre, i <strong>presentar-lo fins al 3 de novembre<\/strong> al Centre o per email ( <a href=\"mailto:46020406@gva.es\">46020406@edu.gva.es<\/a> ).<\/p>\n\n\n\n<p>El dia <strong>10<\/strong><strong> de novembre<\/strong> publicarem les llistes definitives de candidatures.<\/p>\n\n\n\n<p>Poden ampliar i consultar tota la informaci\u00f3 relativa a les eleccions a consells escolar al seg\u00fcent enlla\u00e7:<\/p>\n\n\n\n<p><a href=\"https:\/\/ceice.gva.es\/va\/web\/madres-padres-alumnos\/eleccions-centres\">https:\/\/ceice.gva.es\/va\/web\/madres-padres-alumnos\/eleccions-centres<\/a><\/p>\n\n\n\n<p><\/p>\n\n\n\n<p>Aldaia, 17 d\u2019octubre de 2025<\/p>\n\n\n\n<p>LA DIRECCI\u00d3<\/p>\n\n\n\n<p><\/p>\n","protected":false},"excerpt":{"rendered":"<p>El proper 19 de novembre hi hauran eleccions al Consell Escolar del centre. El passat, 15 d\u2019octubre, se va constituir la junta electoral i va acordar aquest calendari: &#8211; Fins al 3 de novembre: Presentaci\u00f3 de Candidatures. &#8211; 4 de novembre: Publicaci\u00f3 de llistats provisionals de candidatures. &#8211; 10 de novembre: Publicaci\u00f3 llistats definitius de&hellip;&nbsp;<a href=\"https:\/\/www.iescarlessalvador.es\/?p=2434\" class=\"\" rel=\"bookmark\">Leer m\u00e1s &raquo;<span class=\"screen-reader-text\">ELECCIONS CONSELL ESCOLAR 2025<\/span><\/a><\/p>\n","protected":false},"author":1,"featured_media":6205,"comment_status":"closed","ping_status":"closed","sticky":false,"template":"","format":"standard","meta":{"rop_custom_images_group":[],"rop_custom_messages_group":[],"rop_publish_now":"initial","rop_publish_now_accounts":[],"rop_publish_now_history":[],"rop_publish_now_status":"pending","neve_meta_sidebar":"","neve_meta_container":"","neve_meta_enable_content_width":"off","neve_meta_content_width":0,"neve_meta_title_alignment":"","neve_meta_author_avatar":"","neve_post_elements_order":"","neve_meta_disable_header":"","neve_meta_disable_footer":"","neve_meta_disable_title":"","footnotes":""},"categories":[13],"tags":[],"class_list":["post-2434","post","type-post","status-publish","format-standard","has-post-thumbnail","hentry","category-sin-categoria-ca"],"_links":{"self":[{"href":"https:\/\/www.iescarlessalvador.es\/index.php?rest_route=\/wp\/v2\/posts\/2434","targetHints":{"allow":["GET"]}}],"collection":[{"href":"https:\/\/www.iescarlessalvador.es\/index.php?rest_route=\/wp\/v2\/posts"}],"about":[{"href":"https:\/\/www.iescarlessalvador.es\/index.php?rest_route=\/wp\/v2\/types\/post"}],"author":[{"embeddable":true,"href":"https:\/\/www.iescarlessalvador.es\/index.php?rest_route=\/wp\/v2\/users\/1"}],"replies":[{"embeddable":true,"href":"https:\/\/www.iescarlessalvador.es\/index.php?rest_route=%2Fwp%2Fv2%2Fcomments&post=2434"}],"version-history":[{"count":3,"href":"https:\/\/www.iescarlessalvador.es\/index.php?rest_route=\/wp\/v2\/posts\/2434\/revisions"}],"predecessor-version":[{"id":6204,"href":"https:\/\/www.iescarlessalvador.es\/index.php?rest_route=\/wp\/v2\/posts\/2434\/revisions\/6204"}],"wp:featuredmedia":[{"embeddable":true,"href":"https:\/\/www.iescarlessalvador.es\/index.php?rest_route=\/wp\/v2\/media\/6205"}],"wp:attachment":[{"href":"https:\/\/www.iescarlessalvador.es\/index.php?rest_route=%2Fwp%2Fv2%2Fmedia&parent=2434"}],"wp:term":[{"taxonomy":"category","embeddable":true,"href":"https:\/\/www.iescarlessalvador.es\/index.php?rest_route=%2Fwp%2Fv2%2Fcategories&post=2434"},{"taxonomy":"post_tag","embeddable":true,"href":"https:\/\/www.iescarlessalvador.es\/index.php?rest_route=%2Fwp%2Fv2%2Ftags&post=2434"}],"curies":[{"name":"wp","href":"https:\/\/api.w.org\/{rel}","templated":true}]}}