{"id":2444,"date":"2021-10-28T17:07:59","date_gmt":"2021-10-28T17:07:59","guid":{"rendered":"http:\/\/www.iescarlessalvador.es\/?p=2444"},"modified":"2021-10-28T17:25:14","modified_gmt":"2021-10-28T17:25:14","slug":"video-ods-amb-ambaixadors","status":"publish","type":"post","link":"https:\/\/www.iescarlessalvador.es\/?p=2444","title":{"rendered":"V\u00cdDEO ods amb Ambaixadors"},"content":{"rendered":"\n<p>Els ambaixadors de l&#8217;ONU pels ODS de l&#8217;IES Carles Salvador, han realitzat aquest v\u00eddeo per celebrar l&#8217;aniversari de les Nacions Unides, que va tindre lloc el passat 24 d&#8217;octubre. Aquest v\u00eddeo es va projectar a la pla\u00e7a de l&#8217;Ajuntament de Val\u00e8ncia.<\/p>\n\n\n\n<p><\/p>\n\n\n\n<figure class=\"wp-block-video\"><video controls src=\"https:\/\/www.iescarlessalvador.es\/wp-content\/uploads\/2021\/10\/Video-ODS.mp4\"><\/video><\/figure>\n","protected":false},"excerpt":{"rendered":"<p>Els ambaixadors de l&#8217;ONU pels ODS de l&#8217;IES Carles Salvador, han realitzat aquest v\u00eddeo per celebrar l&#8217;aniversari de les Nacions Unides, que va tindre lloc el passat 24 d&#8217;octubre. Aquest v\u00eddeo es va projectar a la pla\u00e7a de l&#8217;Ajuntament de Val\u00e8ncia.<\/p>\n","protected":false},"author":1,"featured_media":2450,"comment_status":"closed","ping_status":"closed","sticky":false,"template":"","format":"standard","meta":{"rop_custom_images_group":[],"rop_custom_messages_group":[],"rop_publish_now":"initial","rop_publish_now_accounts":[],"rop_publish_now_history":[],"rop_publish_now_status":"pending","neve_meta_sidebar":"","neve_meta_container":"","neve_meta_enable_content_width":"off","neve_meta_content_width":0,"neve_meta_title_alignment":"","neve_meta_author_avatar":"","neve_post_elements_order":"","neve_meta_disable_header":"","neve_meta_disable_footer":"","neve_meta_disable_title":"","footnotes":""},"categories":[13],"tags":[],"class_list":["post-2444","post","type-post","status-publish","format-standard","has-post-thumbnail","hentry","category-sin-categoria-ca"],"_links":{"self":[{"href":"https:\/\/www.iescarlessalvador.es\/index.php?rest_route=\/wp\/v2\/posts\/2444","targetHints":{"allow":["GET"]}}],"collection":[{"href":"https:\/\/www.iescarlessalvador.es\/index.php?rest_route=\/wp\/v2\/posts"}],"about":[{"href":"https:\/\/www.iescarlessalvador.es\/index.php?rest_route=\/wp\/v2\/types\/post"}],"author":[{"embeddable":true,"href":"https:\/\/www.iescarlessalvador.es\/index.php?rest_route=\/wp\/v2\/users\/1"}],"replies":[{"embeddable":true,"href":"https:\/\/www.iescarlessalvador.es\/index.php?rest_route=%2Fwp%2Fv2%2Fcomments&post=2444"}],"version-history":[{"count":4,"href":"https:\/\/www.iescarlessalvador.es\/index.php?rest_route=\/wp\/v2\/posts\/2444\/revisions"}],"predecessor-version":[{"id":2455,"href":"https:\/\/www.iescarlessalvador.es\/index.php?rest_route=\/wp\/v2\/posts\/2444\/revisions\/2455"}],"wp:featuredmedia":[{"embeddable":true,"href":"https:\/\/www.iescarlessalvador.es\/index.php?rest_route=\/wp\/v2\/media\/2450"}],"wp:attachment":[{"href":"https:\/\/www.iescarlessalvador.es\/index.php?rest_route=%2Fwp%2Fv2%2Fmedia&parent=2444"}],"wp:term":[{"taxonomy":"category","embeddable":true,"href":"https:\/\/www.iescarlessalvador.es\/index.php?rest_route=%2Fwp%2Fv2%2Fcategories&post=2444"},{"taxonomy":"post_tag","embeddable":true,"href":"https:\/\/www.iescarlessalvador.es\/index.php?rest_route=%2Fwp%2Fv2%2Ftags&post=2444"}],"curies":[{"name":"wp","href":"https:\/\/api.w.org\/{rel}","templated":true}]}}