{"id":2447,"date":"2021-10-28T17:09:59","date_gmt":"2021-10-28T17:09:59","guid":{"rendered":"http:\/\/www.iescarlessalvador.es\/?p=2447"},"modified":"2021-10-28T17:25:54","modified_gmt":"2021-10-28T17:25:54","slug":"video-ods-con-embajadores","status":"publish","type":"post","link":"https:\/\/www.iescarlessalvador.es\/?p=2447&lang=es","title":{"rendered":"V\u00eddeo ODS con embajadores"},"content":{"rendered":"\n<p id=\"block-9c1a9c3d-c668-412a-8762-7f553ac7a1b2\">Los embajadores\/as de la ONU por los ODS del IES Carles Salvador, han realizado este v\u00eddeo para celebrar el aniversario de las Naciones Unidas, que tuvo lugar el pasado 24 de octubre. El v\u00eddeo se proyect\u00f3 en la plaza del Ayuntamiento de Valencia.<\/p>\n\n\n\n<p id=\"block-9c1a9c3d-c668-412a-8762-7f553ac7a1b2\"><video controls=\"\" src=\"https:\/\/www.iescarlessalvador.es\/wp-content\/uploads\/2021\/10\/Video-ODS.mp4\"><\/video><\/p>\n\n\n\n<p><\/p>\n","protected":false},"excerpt":{"rendered":"<p>Los embajadores\/as de la ONU por los ODS del IES Carles Salvador, han realizado este v\u00eddeo para celebrar el aniversario de las Naciones Unidas, que tuvo lugar el pasado 24 de octubre. El v\u00eddeo se proyect\u00f3 en la plaza del Ayuntamiento de Valencia.<\/p>\n","protected":false},"author":1,"featured_media":2450,"comment_status":"closed","ping_status":"closed","sticky":false,"template":"","format":"standard","meta":{"rop_custom_images_group":[],"rop_custom_messages_group":[],"rop_publish_now":"initial","rop_publish_now_accounts":[],"rop_publish_now_history":[],"rop_publish_now_status":"pending","neve_meta_sidebar":"","neve_meta_container":"","neve_meta_enable_content_width":"off","neve_meta_content_width":0,"neve_meta_title_alignment":"","neve_meta_author_avatar":"","neve_post_elements_order":"","neve_meta_disable_header":"","neve_meta_disable_footer":"","neve_meta_disable_title":"","footnotes":""},"categories":[1],"tags":[],"class_list":["post-2447","post","type-post","status-publish","format-standard","has-post-thumbnail","hentry","category-sin-categoria"],"_links":{"self":[{"href":"https:\/\/www.iescarlessalvador.es\/index.php?rest_route=\/wp\/v2\/posts\/2447","targetHints":{"allow":["GET"]}}],"collection":[{"href":"https:\/\/www.iescarlessalvador.es\/index.php?rest_route=\/wp\/v2\/posts"}],"about":[{"href":"https:\/\/www.iescarlessalvador.es\/index.php?rest_route=\/wp\/v2\/types\/post"}],"author":[{"embeddable":true,"href":"https:\/\/www.iescarlessalvador.es\/index.php?rest_route=\/wp\/v2\/users\/1"}],"replies":[{"embeddable":true,"href":"https:\/\/www.iescarlessalvador.es\/index.php?rest_route=%2Fwp%2Fv2%2Fcomments&post=2447"}],"version-history":[{"count":3,"href":"https:\/\/www.iescarlessalvador.es\/index.php?rest_route=\/wp\/v2\/posts\/2447\/revisions"}],"predecessor-version":[{"id":2456,"href":"https:\/\/www.iescarlessalvador.es\/index.php?rest_route=\/wp\/v2\/posts\/2447\/revisions\/2456"}],"wp:featuredmedia":[{"embeddable":true,"href":"https:\/\/www.iescarlessalvador.es\/index.php?rest_route=\/wp\/v2\/media\/2450"}],"wp:attachment":[{"href":"https:\/\/www.iescarlessalvador.es\/index.php?rest_route=%2Fwp%2Fv2%2Fmedia&parent=2447"}],"wp:term":[{"taxonomy":"category","embeddable":true,"href":"https:\/\/www.iescarlessalvador.es\/index.php?rest_route=%2Fwp%2Fv2%2Fcategories&post=2447"},{"taxonomy":"post_tag","embeddable":true,"href":"https:\/\/www.iescarlessalvador.es\/index.php?rest_route=%2Fwp%2Fv2%2Ftags&post=2447"}],"curies":[{"name":"wp","href":"https:\/\/api.w.org\/{rel}","templated":true}]}}