{"id":2457,"date":"2021-11-03T21:35:47","date_gmt":"2021-11-03T21:35:47","guid":{"rendered":"http:\/\/www.iescarlessalvador.es\/?p=2457"},"modified":"2021-11-03T21:42:13","modified_gmt":"2021-11-03T21:42:13","slug":"recordatori-eleccions-consell-escolar-presentacio-candidatures","status":"publish","type":"post","link":"https:\/\/www.iescarlessalvador.es\/?p=2457","title":{"rendered":"Recordatori eleccions consell escolar &#8211; presentaci\u00f3 candidatures"},"content":{"rendered":"\n<p><strong>A L\u2019ATENCI\u00d3 DE LES FAM\u00cdLIES DELS ALUMNES DE L\u2019IES CARLES SALVADOR D\u2019ALDAIA<\/strong><\/p>\n\n\n\n<p>Per la present els recordem que, el <strong>dijous 18 de novembre<\/strong> se celebraran Eleccions al Consell Escolar del Centre.<\/p>\n\n\n\n<p>Conscients de la import\u00e0ncia que t\u00e9 aquest \u00f2rgan volem animar-vos a que <strong>presenteu la vostra CANDIDATURA<\/strong>. Tant al <strong>sector de les<\/strong> <strong>FAM\u00cdLIES<\/strong> (els pares\/mares\/tutors legals) com al <strong>sector<\/strong> <strong>ALUMNAT<\/strong> (els vostres fills\/filles). <\/p>\n\n\n\n<p>Sols heu d\u2019omplir l\u2019impr\u00e9s que us facilitaran a la Secretaria o al web del Centre, i <strong>presentar-lo fins al 8 de novembre<\/strong> al Centre o per email ( 46020406@gva.es ).<\/p>\n\n\n\n<p>El dia 9 de novembre publicarem les llistes definitives de candidatures.<br><\/p>\n\n\n\n<p>Aldaia, 3 de novembre de 2021<\/p>\n\n\n\n<p>LA DIRECCI\u00d3<\/p>\n\n\n\n<p>Podeu descarregar aquesta nota informativa <a href=\"https:\/\/www.iescarlessalvador.es\/wp-content\/uploads\/2021\/11\/comunicat-families-Eleccions-Consell-Escolar_3recordatori.pdf\">AC\u00cd<\/a><\/p>\n","protected":false},"excerpt":{"rendered":"<p>A L\u2019ATENCI\u00d3 DE LES FAM\u00cdLIES DELS ALUMNES DE L\u2019IES CARLES SALVADOR D\u2019ALDAIA Per la present els recordem que, el dijous 18 de novembre se celebraran Eleccions al Consell Escolar del Centre. Conscients de la import\u00e0ncia que t\u00e9 aquest \u00f2rgan volem animar-vos a que presenteu la vostra CANDIDATURA. Tant al sector de les FAM\u00cdLIES (els pares\/mares\/tutors&hellip;&nbsp;<a href=\"https:\/\/www.iescarlessalvador.es\/?p=2457\" class=\"\" rel=\"bookmark\">Leer m\u00e1s &raquo;<span class=\"screen-reader-text\">Recordatori eleccions consell escolar &#8211; presentaci\u00f3 candidatures<\/span><\/a><\/p>\n","protected":false},"author":1,"featured_media":2462,"comment_status":"closed","ping_status":"closed","sticky":false,"template":"","format":"standard","meta":{"rop_custom_images_group":[],"rop_custom_messages_group":[],"rop_publish_now":"initial","rop_publish_now_accounts":[],"rop_publish_now_history":[],"rop_publish_now_status":"pending","neve_meta_sidebar":"","neve_meta_container":"","neve_meta_enable_content_width":"off","neve_meta_content_width":0,"neve_meta_title_alignment":"","neve_meta_author_avatar":"","neve_post_elements_order":"","neve_meta_disable_header":"","neve_meta_disable_footer":"","neve_meta_disable_title":"","footnotes":""},"categories":[13],"tags":[],"class_list":["post-2457","post","type-post","status-publish","format-standard","has-post-thumbnail","hentry","category-sin-categoria-ca"],"_links":{"self":[{"href":"https:\/\/www.iescarlessalvador.es\/index.php?rest_route=\/wp\/v2\/posts\/2457","targetHints":{"allow":["GET"]}}],"collection":[{"href":"https:\/\/www.iescarlessalvador.es\/index.php?rest_route=\/wp\/v2\/posts"}],"about":[{"href":"https:\/\/www.iescarlessalvador.es\/index.php?rest_route=\/wp\/v2\/types\/post"}],"author":[{"embeddable":true,"href":"https:\/\/www.iescarlessalvador.es\/index.php?rest_route=\/wp\/v2\/users\/1"}],"replies":[{"embeddable":true,"href":"https:\/\/www.iescarlessalvador.es\/index.php?rest_route=%2Fwp%2Fv2%2Fcomments&post=2457"}],"version-history":[{"count":1,"href":"https:\/\/www.iescarlessalvador.es\/index.php?rest_route=\/wp\/v2\/posts\/2457\/revisions"}],"predecessor-version":[{"id":2459,"href":"https:\/\/www.iescarlessalvador.es\/index.php?rest_route=\/wp\/v2\/posts\/2457\/revisions\/2459"}],"wp:featuredmedia":[{"embeddable":true,"href":"https:\/\/www.iescarlessalvador.es\/index.php?rest_route=\/wp\/v2\/media\/2462"}],"wp:attachment":[{"href":"https:\/\/www.iescarlessalvador.es\/index.php?rest_route=%2Fwp%2Fv2%2Fmedia&parent=2457"}],"wp:term":[{"taxonomy":"category","embeddable":true,"href":"https:\/\/www.iescarlessalvador.es\/index.php?rest_route=%2Fwp%2Fv2%2Fcategories&post=2457"},{"taxonomy":"post_tag","embeddable":true,"href":"https:\/\/www.iescarlessalvador.es\/index.php?rest_route=%2Fwp%2Fv2%2Ftags&post=2457"}],"curies":[{"name":"wp","href":"https:\/\/api.w.org\/{rel}","templated":true}]}}