{"id":2465,"date":"2021-11-07T22:06:32","date_gmt":"2021-11-07T22:06:32","guid":{"rendered":"http:\/\/www.iescarlessalvador.es\/?p=2465"},"modified":"2021-11-07T22:17:38","modified_gmt":"2021-11-07T22:17:38","slug":"nota-informativa-ampa-nov-2021","status":"publish","type":"post","link":"https:\/\/www.iescarlessalvador.es\/?p=2465","title":{"rendered":"NOTA INFORMATIVA AMPA NOV-2021"},"content":{"rendered":"\n<p>Estimats socis\/es:<br><br>Vos informem que qui tinga pendent la devoluci\u00f3 de la quota de l \u0301AMPA d \u0301aquest curs i no se vos haja fet per transfer\u00e8ncia, podeu passar per Administraci\u00f3 de l \u0301Institut a arreplegar els diners. Pot passar tant l \u0301alumne\/a com la mare, pare o tutor\/a legal.<br><br>&#8212;&#8212;&#8212;&#8212;&#8212;&#8212;&#8212;&#8212;&#8212;&#8212;&#8212;&#8212;&#8212;&#8212;&#8212;&#8212;&#8212;&#8212;&#8212;&#8212;&#8212;&#8212;&#8212;&#8212;&#8212;&#8212;&#8212;&#8212;-<br>Volem aprofitar l \u0301ocasi\u00f3 per CONVIDAR-VOS A QUE FORMEU PART DE LA DIRECTIVA DE L\u2019AMPA, ja que les persones que fins ara han s\u2019han fet c\u00e0rrec del funcionament de l\u2019associaci\u00f3, en la mesura de les<br>seues possibilitats, acaben la seua etapa i l\u2019ASSOCIACI\u00d3 EST\u00c0 EN RISC DE DESAPAR\u00c8IXER; per tant, si esteu interessats\/es en continuar i modernitzar-la, fiqueu-vos en contacte en nosaltres a la seg\u00fcent adre\u00e7a electr\u00f2nica: ampa@iescarlessalvador.es<\/p>\n\n\n\n<p>Descarregar nota <a href=\"https:\/\/www.iescarlessalvador.es\/wp-content\/uploads\/2021\/11\/NOTA-DEVOLUCIO-QUOTA-AMPA.pdf\">AC\u00cd<\/a><\/p>\n","protected":false},"excerpt":{"rendered":"<p>Estimats socis\/es: Vos informem que qui tinga pendent la devoluci\u00f3 de la quota de l \u0301AMPA d \u0301aquest curs i no se vos haja fet per transfer\u00e8ncia, podeu passar per Administraci\u00f3 de l \u0301Institut a arreplegar els diners. Pot passar tant l \u0301alumne\/a com la mare, pare o tutor\/a legal. &#8212;&#8212;&#8212;&#8212;&#8212;&#8212;&#8212;&#8212;&#8212;&#8212;&#8212;&#8212;&#8212;&#8212;&#8212;&#8212;&#8212;&#8212;&#8212;&#8212;&#8212;&#8212;&#8212;&#8212;&#8212;&#8212;&#8212;&#8212;-Volem aprofitar l \u0301ocasi\u00f3 per&hellip;&nbsp;<a href=\"https:\/\/www.iescarlessalvador.es\/?p=2465\" class=\"\" rel=\"bookmark\">Leer m\u00e1s &raquo;<span class=\"screen-reader-text\">NOTA INFORMATIVA AMPA NOV-2021<\/span><\/a><\/p>\n","protected":false},"author":1,"featured_media":2470,"comment_status":"closed","ping_status":"closed","sticky":false,"template":"","format":"standard","meta":{"rop_custom_images_group":[],"rop_custom_messages_group":[],"rop_publish_now":"initial","rop_publish_now_accounts":[],"rop_publish_now_history":[],"rop_publish_now_status":"pending","neve_meta_sidebar":"","neve_meta_container":"","neve_meta_enable_content_width":"off","neve_meta_content_width":0,"neve_meta_title_alignment":"","neve_meta_author_avatar":"","neve_post_elements_order":"","neve_meta_disable_header":"","neve_meta_disable_footer":"","neve_meta_disable_title":"","footnotes":""},"categories":[13],"tags":[],"class_list":["post-2465","post","type-post","status-publish","format-standard","has-post-thumbnail","hentry","category-sin-categoria-ca"],"_links":{"self":[{"href":"https:\/\/www.iescarlessalvador.es\/index.php?rest_route=\/wp\/v2\/posts\/2465","targetHints":{"allow":["GET"]}}],"collection":[{"href":"https:\/\/www.iescarlessalvador.es\/index.php?rest_route=\/wp\/v2\/posts"}],"about":[{"href":"https:\/\/www.iescarlessalvador.es\/index.php?rest_route=\/wp\/v2\/types\/post"}],"author":[{"embeddable":true,"href":"https:\/\/www.iescarlessalvador.es\/index.php?rest_route=\/wp\/v2\/users\/1"}],"replies":[{"embeddable":true,"href":"https:\/\/www.iescarlessalvador.es\/index.php?rest_route=%2Fwp%2Fv2%2Fcomments&post=2465"}],"version-history":[{"count":2,"href":"https:\/\/www.iescarlessalvador.es\/index.php?rest_route=\/wp\/v2\/posts\/2465\/revisions"}],"predecessor-version":[{"id":2473,"href":"https:\/\/www.iescarlessalvador.es\/index.php?rest_route=\/wp\/v2\/posts\/2465\/revisions\/2473"}],"wp:featuredmedia":[{"embeddable":true,"href":"https:\/\/www.iescarlessalvador.es\/index.php?rest_route=\/wp\/v2\/media\/2470"}],"wp:attachment":[{"href":"https:\/\/www.iescarlessalvador.es\/index.php?rest_route=%2Fwp%2Fv2%2Fmedia&parent=2465"}],"wp:term":[{"taxonomy":"category","embeddable":true,"href":"https:\/\/www.iescarlessalvador.es\/index.php?rest_route=%2Fwp%2Fv2%2Fcategories&post=2465"},{"taxonomy":"post_tag","embeddable":true,"href":"https:\/\/www.iescarlessalvador.es\/index.php?rest_route=%2Fwp%2Fv2%2Ftags&post=2465"}],"curies":[{"name":"wp","href":"https:\/\/api.w.org\/{rel}","templated":true}]}}