{"id":2504,"date":"2021-11-26T14:51:04","date_gmt":"2021-11-26T14:51:04","guid":{"rendered":"http:\/\/www.iescarlessalvador.es\/?p=2504"},"modified":"2021-11-26T15:00:08","modified_gmt":"2021-11-26T15:00:08","slug":"celebrem-el-25-de-novembre","status":"publish","type":"post","link":"https:\/\/www.iescarlessalvador.es\/?p=2504","title":{"rendered":"Celebrem el 25 de novembre"},"content":{"rendered":"\n<p>La comunitat educativa de l&#8217;IES Carles Salvador ha participat com en anys anterios en la celebraci\u00f3 del Dia internacional per a l&#8217;eliminaci\u00f3 de la viol\u00e8ncia contra les dones.<\/p>\n\n\n\n<p>Enguany s&#8217;han fet activitats al voltant del projecte \u00abEl latido de las mariposas depende de nuestra actitud\u00bb. S&#8217;han realitzat papallones a les tutories i s&#8217;han penjat a una xarxa que romandr\u00e0 al centre per recordar-nos tots els dies que hem d&#8217;estar alerta davant qualsevol indici de viol\u00e8ncia cap a les dones.<\/p>\n\n\n\n<p>A l&#8217;acte van participar tamb\u00e9 representants de l&#8217;Ajuntament d&#8217;Aldaia: Guillermo Luj\u00e1n alcalde de la localitat, Marta Romeu regidora d&#8217;educaci\u00f3 i representants de les \u00e0rees de joventut , igualtat i serveis socials. <\/p>\n\n\n\n<p>Tres representants de l&#8217;alumnat del centre exlicat el projecte dut a terme i van llegir el <a href=\"https:\/\/www.buscapalabra.com\/poema.html?titulo=el%20miedo&amp;iden=2774\"><em>Poema \u00abel miedo\u00bb de Dulce Mar\u00eda Loynaz<\/em><\/a>.<\/p>\n\n\n\n<p>  <\/p>\n\n\n\n<figure class=\"wp-block-gallery columns-3 is-cropped wp-block-gallery-1 is-layout-flex wp-block-gallery-is-layout-flex\"><ul class=\"blocks-gallery-grid\"><li class=\"blocks-gallery-item\"><figure><img fetchpriority=\"high\" decoding=\"async\" width=\"1024\" height=\"768\" src=\"https:\/\/www.iescarlessalvador.es\/wp-content\/uploads\/2021\/11\/foto_02-1024x768.jpg\" alt=\"\" data-id=\"2503\" data-full-url=\"https:\/\/www.iescarlessalvador.es\/wp-content\/uploads\/2021\/11\/foto_02.jpg\" data-link=\"https:\/\/www.iescarlessalvador.es\/?attachment_id=2503\" class=\"wp-image-2503\" srcset=\"https:\/\/www.iescarlessalvador.es\/wp-content\/uploads\/2021\/11\/foto_02-1024x768.jpg 1024w, https:\/\/www.iescarlessalvador.es\/wp-content\/uploads\/2021\/11\/foto_02-300x225.jpg 300w, https:\/\/www.iescarlessalvador.es\/wp-content\/uploads\/2021\/11\/foto_02-768x576.jpg 768w, https:\/\/www.iescarlessalvador.es\/wp-content\/uploads\/2021\/11\/foto_02-1536x1152.jpg 1536w, https:\/\/www.iescarlessalvador.es\/wp-content\/uploads\/2021\/11\/foto_02.jpg 2048w\" sizes=\"(max-width: 1024px) 100vw, 1024px\" \/><\/figure><\/li><li class=\"blocks-gallery-item\"><figure><img decoding=\"async\" width=\"1024\" height=\"768\" src=\"https:\/\/www.iescarlessalvador.es\/wp-content\/uploads\/2021\/11\/foto_01-1024x768.jpg\" alt=\"\" data-id=\"2502\" data-full-url=\"https:\/\/www.iescarlessalvador.es\/wp-content\/uploads\/2021\/11\/foto_01.jpg\" data-link=\"https:\/\/www.iescarlessalvador.es\/?attachment_id=2502\" class=\"wp-image-2502\" srcset=\"https:\/\/www.iescarlessalvador.es\/wp-content\/uploads\/2021\/11\/foto_01-1024x768.jpg 1024w, https:\/\/www.iescarlessalvador.es\/wp-content\/uploads\/2021\/11\/foto_01-300x225.jpg 300w, https:\/\/www.iescarlessalvador.es\/wp-content\/uploads\/2021\/11\/foto_01-768x576.jpg 768w, https:\/\/www.iescarlessalvador.es\/wp-content\/uploads\/2021\/11\/foto_01-1536x1152.jpg 1536w, https:\/\/www.iescarlessalvador.es\/wp-content\/uploads\/2021\/11\/foto_01.jpg 2048w\" sizes=\"(max-width: 1024px) 100vw, 1024px\" \/><\/figure><\/li><li class=\"blocks-gallery-item\"><figure><img decoding=\"async\" width=\"1024\" height=\"768\" src=\"https:\/\/www.iescarlessalvador.es\/wp-content\/uploads\/2021\/11\/foto_14-1024x768.jpg\" alt=\"\" data-id=\"2501\" data-full-url=\"https:\/\/www.iescarlessalvador.es\/wp-content\/uploads\/2021\/11\/foto_14.jpg\" data-link=\"https:\/\/www.iescarlessalvador.es\/?attachment_id=2501\" class=\"wp-image-2501\" srcset=\"https:\/\/www.iescarlessalvador.es\/wp-content\/uploads\/2021\/11\/foto_14-1024x768.jpg 1024w, https:\/\/www.iescarlessalvador.es\/wp-content\/uploads\/2021\/11\/foto_14-300x225.jpg 300w, https:\/\/www.iescarlessalvador.es\/wp-content\/uploads\/2021\/11\/foto_14-768x576.jpg 768w, https:\/\/www.iescarlessalvador.es\/wp-content\/uploads\/2021\/11\/foto_14-1536x1152.jpg 1536w, https:\/\/www.iescarlessalvador.es\/wp-content\/uploads\/2021\/11\/foto_14.jpg 2048w\" sizes=\"(max-width: 1024px) 100vw, 1024px\" \/><\/figure><\/li><li class=\"blocks-gallery-item\"><figure><img loading=\"lazy\" decoding=\"async\" width=\"1024\" height=\"1007\" src=\"https:\/\/www.iescarlessalvador.es\/wp-content\/uploads\/2021\/11\/foto_13-1024x1007.jpg\" alt=\"\" data-id=\"2500\" data-full-url=\"https:\/\/www.iescarlessalvador.es\/wp-content\/uploads\/2021\/11\/foto_13.jpg\" data-link=\"https:\/\/www.iescarlessalvador.es\/?attachment_id=2500\" class=\"wp-image-2500\" srcset=\"https:\/\/www.iescarlessalvador.es\/wp-content\/uploads\/2021\/11\/foto_13-1024x1007.jpg 1024w, https:\/\/www.iescarlessalvador.es\/wp-content\/uploads\/2021\/11\/foto_13-300x295.jpg 300w, https:\/\/www.iescarlessalvador.es\/wp-content\/uploads\/2021\/11\/foto_13-768x755.jpg 768w, https:\/\/www.iescarlessalvador.es\/wp-content\/uploads\/2021\/11\/foto_13-1536x1510.jpg 1536w, https:\/\/www.iescarlessalvador.es\/wp-content\/uploads\/2021\/11\/foto_13.jpg 2048w\" sizes=\"(max-width: 1024px) 100vw, 1024px\" \/><\/figure><\/li><li class=\"blocks-gallery-item\"><figure><img loading=\"lazy\" decoding=\"async\" width=\"1024\" height=\"664\" src=\"https:\/\/www.iescarlessalvador.es\/wp-content\/uploads\/2021\/11\/foto_12-1024x664.jpg\" alt=\"\" data-id=\"2499\" data-full-url=\"https:\/\/www.iescarlessalvador.es\/wp-content\/uploads\/2021\/11\/foto_12.jpg\" data-link=\"https:\/\/www.iescarlessalvador.es\/?attachment_id=2499\" class=\"wp-image-2499\" srcset=\"https:\/\/www.iescarlessalvador.es\/wp-content\/uploads\/2021\/11\/foto_12-1024x664.jpg 1024w, https:\/\/www.iescarlessalvador.es\/wp-content\/uploads\/2021\/11\/foto_12-300x194.jpg 300w, https:\/\/www.iescarlessalvador.es\/wp-content\/uploads\/2021\/11\/foto_12-768x498.jpg 768w, https:\/\/www.iescarlessalvador.es\/wp-content\/uploads\/2021\/11\/foto_12-1536x995.jpg 1536w, https:\/\/www.iescarlessalvador.es\/wp-content\/uploads\/2021\/11\/foto_12.jpg 1753w\" sizes=\"(max-width: 1024px) 100vw, 1024px\" \/><\/figure><\/li><li class=\"blocks-gallery-item\"><figure><img loading=\"lazy\" decoding=\"async\" width=\"768\" height=\"1024\" src=\"https:\/\/www.iescarlessalvador.es\/wp-content\/uploads\/2021\/11\/foto_11-768x1024.jpg\" alt=\"\" data-id=\"2498\" data-full-url=\"https:\/\/www.iescarlessalvador.es\/wp-content\/uploads\/2021\/11\/foto_11.jpg\" data-link=\"https:\/\/www.iescarlessalvador.es\/?attachment_id=2498\" class=\"wp-image-2498\" srcset=\"https:\/\/www.iescarlessalvador.es\/wp-content\/uploads\/2021\/11\/foto_11-768x1024.jpg 768w, https:\/\/www.iescarlessalvador.es\/wp-content\/uploads\/2021\/11\/foto_11-225x300.jpg 225w, https:\/\/www.iescarlessalvador.es\/wp-content\/uploads\/2021\/11\/foto_11-1152x1536.jpg 1152w, https:\/\/www.iescarlessalvador.es\/wp-content\/uploads\/2021\/11\/foto_11.jpg 1536w\" sizes=\"(max-width: 768px) 100vw, 768px\" \/><\/figure><\/li><li class=\"blocks-gallery-item\"><figure><img loading=\"lazy\" decoding=\"async\" width=\"1024\" height=\"768\" src=\"https:\/\/www.iescarlessalvador.es\/wp-content\/uploads\/2021\/11\/foto_10-1024x768.jpg\" alt=\"\" data-id=\"2497\" data-full-url=\"https:\/\/www.iescarlessalvador.es\/wp-content\/uploads\/2021\/11\/foto_10.jpg\" data-link=\"https:\/\/www.iescarlessalvador.es\/?attachment_id=2497\" class=\"wp-image-2497\" srcset=\"https:\/\/www.iescarlessalvador.es\/wp-content\/uploads\/2021\/11\/foto_10-1024x768.jpg 1024w, https:\/\/www.iescarlessalvador.es\/wp-content\/uploads\/2021\/11\/foto_10-300x225.jpg 300w, https:\/\/www.iescarlessalvador.es\/wp-content\/uploads\/2021\/11\/foto_10-768x576.jpg 768w, https:\/\/www.iescarlessalvador.es\/wp-content\/uploads\/2021\/11\/foto_10-1536x1152.jpg 1536w, https:\/\/www.iescarlessalvador.es\/wp-content\/uploads\/2021\/11\/foto_10.jpg 2048w\" sizes=\"(max-width: 1024px) 100vw, 1024px\" \/><\/figure><\/li><li class=\"blocks-gallery-item\"><figure><img loading=\"lazy\" decoding=\"async\" width=\"1024\" height=\"768\" src=\"https:\/\/www.iescarlessalvador.es\/wp-content\/uploads\/2021\/11\/foto_09-1024x768.jpg\" alt=\"\" data-id=\"2496\" data-full-url=\"https:\/\/www.iescarlessalvador.es\/wp-content\/uploads\/2021\/11\/foto_09.jpg\" data-link=\"https:\/\/www.iescarlessalvador.es\/?attachment_id=2496\" class=\"wp-image-2496\" srcset=\"https:\/\/www.iescarlessalvador.es\/wp-content\/uploads\/2021\/11\/foto_09-1024x768.jpg 1024w, https:\/\/www.iescarlessalvador.es\/wp-content\/uploads\/2021\/11\/foto_09-300x225.jpg 300w, https:\/\/www.iescarlessalvador.es\/wp-content\/uploads\/2021\/11\/foto_09-768x576.jpg 768w, https:\/\/www.iescarlessalvador.es\/wp-content\/uploads\/2021\/11\/foto_09-1536x1152.jpg 1536w, https:\/\/www.iescarlessalvador.es\/wp-content\/uploads\/2021\/11\/foto_09.jpg 2048w\" sizes=\"(max-width: 1024px) 100vw, 1024px\" \/><\/figure><\/li><li class=\"blocks-gallery-item\"><figure><img loading=\"lazy\" decoding=\"async\" width=\"1024\" height=\"768\" src=\"https:\/\/www.iescarlessalvador.es\/wp-content\/uploads\/2021\/11\/foto_08-1024x768.jpg\" alt=\"\" data-id=\"2495\" data-full-url=\"https:\/\/www.iescarlessalvador.es\/wp-content\/uploads\/2021\/11\/foto_08.jpg\" data-link=\"https:\/\/www.iescarlessalvador.es\/?attachment_id=2495\" class=\"wp-image-2495\" srcset=\"https:\/\/www.iescarlessalvador.es\/wp-content\/uploads\/2021\/11\/foto_08-1024x768.jpg 1024w, https:\/\/www.iescarlessalvador.es\/wp-content\/uploads\/2021\/11\/foto_08-300x225.jpg 300w, https:\/\/www.iescarlessalvador.es\/wp-content\/uploads\/2021\/11\/foto_08-768x576.jpg 768w, https:\/\/www.iescarlessalvador.es\/wp-content\/uploads\/2021\/11\/foto_08-1536x1152.jpg 1536w, https:\/\/www.iescarlessalvador.es\/wp-content\/uploads\/2021\/11\/foto_08.jpg 2048w\" sizes=\"(max-width: 1024px) 100vw, 1024px\" \/><\/figure><\/li><li class=\"blocks-gallery-item\"><figure><img loading=\"lazy\" decoding=\"async\" width=\"768\" height=\"1024\" src=\"https:\/\/www.iescarlessalvador.es\/wp-content\/uploads\/2021\/11\/foto_07-768x1024.jpg\" alt=\"\" data-id=\"2494\" data-full-url=\"https:\/\/www.iescarlessalvador.es\/wp-content\/uploads\/2021\/11\/foto_07.jpg\" data-link=\"https:\/\/www.iescarlessalvador.es\/?attachment_id=2494\" class=\"wp-image-2494\" srcset=\"https:\/\/www.iescarlessalvador.es\/wp-content\/uploads\/2021\/11\/foto_07-768x1024.jpg 768w, https:\/\/www.iescarlessalvador.es\/wp-content\/uploads\/2021\/11\/foto_07-225x300.jpg 225w, https:\/\/www.iescarlessalvador.es\/wp-content\/uploads\/2021\/11\/foto_07-1152x1536.jpg 1152w, https:\/\/www.iescarlessalvador.es\/wp-content\/uploads\/2021\/11\/foto_07.jpg 1536w\" sizes=\"(max-width: 768px) 100vw, 768px\" \/><\/figure><\/li><li class=\"blocks-gallery-item\"><figure><img loading=\"lazy\" decoding=\"async\" width=\"1024\" height=\"768\" src=\"https:\/\/www.iescarlessalvador.es\/wp-content\/uploads\/2021\/11\/foto_06-1024x768.jpg\" alt=\"\" data-id=\"2493\" data-full-url=\"https:\/\/www.iescarlessalvador.es\/wp-content\/uploads\/2021\/11\/foto_06.jpg\" data-link=\"https:\/\/www.iescarlessalvador.es\/?attachment_id=2493\" class=\"wp-image-2493\" srcset=\"https:\/\/www.iescarlessalvador.es\/wp-content\/uploads\/2021\/11\/foto_06-1024x768.jpg 1024w, https:\/\/www.iescarlessalvador.es\/wp-content\/uploads\/2021\/11\/foto_06-300x225.jpg 300w, https:\/\/www.iescarlessalvador.es\/wp-content\/uploads\/2021\/11\/foto_06-768x576.jpg 768w, https:\/\/www.iescarlessalvador.es\/wp-content\/uploads\/2021\/11\/foto_06-1536x1152.jpg 1536w, https:\/\/www.iescarlessalvador.es\/wp-content\/uploads\/2021\/11\/foto_06.jpg 2048w\" sizes=\"(max-width: 1024px) 100vw, 1024px\" \/><\/figure><\/li><li class=\"blocks-gallery-item\"><figure><img loading=\"lazy\" decoding=\"async\" width=\"1024\" height=\"768\" src=\"https:\/\/www.iescarlessalvador.es\/wp-content\/uploads\/2021\/11\/foto_05-1024x768.jpg\" alt=\"\" data-id=\"2492\" data-full-url=\"https:\/\/www.iescarlessalvador.es\/wp-content\/uploads\/2021\/11\/foto_05.jpg\" data-link=\"https:\/\/www.iescarlessalvador.es\/?attachment_id=2492\" class=\"wp-image-2492\" srcset=\"https:\/\/www.iescarlessalvador.es\/wp-content\/uploads\/2021\/11\/foto_05-1024x768.jpg 1024w, https:\/\/www.iescarlessalvador.es\/wp-content\/uploads\/2021\/11\/foto_05-300x225.jpg 300w, https:\/\/www.iescarlessalvador.es\/wp-content\/uploads\/2021\/11\/foto_05-768x576.jpg 768w, https:\/\/www.iescarlessalvador.es\/wp-content\/uploads\/2021\/11\/foto_05-1536x1152.jpg 1536w, https:\/\/www.iescarlessalvador.es\/wp-content\/uploads\/2021\/11\/foto_05.jpg 2048w\" sizes=\"(max-width: 1024px) 100vw, 1024px\" \/><\/figure><\/li><li class=\"blocks-gallery-item\"><figure><img loading=\"lazy\" decoding=\"async\" width=\"1024\" height=\"768\" src=\"https:\/\/www.iescarlessalvador.es\/wp-content\/uploads\/2021\/11\/foto_04-1024x768.jpg\" alt=\"\" data-id=\"2491\" data-full-url=\"https:\/\/www.iescarlessalvador.es\/wp-content\/uploads\/2021\/11\/foto_04.jpg\" data-link=\"https:\/\/www.iescarlessalvador.es\/?attachment_id=2491\" class=\"wp-image-2491\" srcset=\"https:\/\/www.iescarlessalvador.es\/wp-content\/uploads\/2021\/11\/foto_04-1024x768.jpg 1024w, https:\/\/www.iescarlessalvador.es\/wp-content\/uploads\/2021\/11\/foto_04-300x225.jpg 300w, https:\/\/www.iescarlessalvador.es\/wp-content\/uploads\/2021\/11\/foto_04-768x576.jpg 768w, https:\/\/www.iescarlessalvador.es\/wp-content\/uploads\/2021\/11\/foto_04-1536x1152.jpg 1536w, https:\/\/www.iescarlessalvador.es\/wp-content\/uploads\/2021\/11\/foto_04.jpg 2048w\" sizes=\"(max-width: 1024px) 100vw, 1024px\" \/><\/figure><\/li><li class=\"blocks-gallery-item\"><figure><img loading=\"lazy\" decoding=\"async\" width=\"768\" height=\"1024\" src=\"https:\/\/www.iescarlessalvador.es\/wp-content\/uploads\/2021\/11\/foto_03-768x1024.jpg\" alt=\"\" data-id=\"2490\" data-full-url=\"https:\/\/www.iescarlessalvador.es\/wp-content\/uploads\/2021\/11\/foto_03.jpg\" data-link=\"https:\/\/www.iescarlessalvador.es\/?attachment_id=2490\" class=\"wp-image-2490\" srcset=\"https:\/\/www.iescarlessalvador.es\/wp-content\/uploads\/2021\/11\/foto_03-768x1024.jpg 768w, https:\/\/www.iescarlessalvador.es\/wp-content\/uploads\/2021\/11\/foto_03-225x300.jpg 225w, https:\/\/www.iescarlessalvador.es\/wp-content\/uploads\/2021\/11\/foto_03-1152x1536.jpg 1152w, https:\/\/www.iescarlessalvador.es\/wp-content\/uploads\/2021\/11\/foto_03.jpg 1536w\" sizes=\"(max-width: 768px) 100vw, 768px\" \/><\/figure><\/li><\/ul><\/figure>\n","protected":false},"excerpt":{"rendered":"<p>La comunitat educativa de l&#8217;IES Carles Salvador ha participat com en anys anterios en la celebraci\u00f3 del Dia internacional per a l&#8217;eliminaci\u00f3 de la viol\u00e8ncia contra les dones. Enguany s&#8217;han fet activitats al voltant del projecte \u00abEl latido de las mariposas depende de nuestra actitud\u00bb. S&#8217;han realitzat papallones a les tutories i s&#8217;han penjat a&hellip;&nbsp;<a href=\"https:\/\/www.iescarlessalvador.es\/?p=2504\" class=\"\" rel=\"bookmark\">Leer m\u00e1s &raquo;<span class=\"screen-reader-text\">Celebrem el 25 de novembre<\/span><\/a><\/p>\n","protected":false},"author":1,"featured_media":2492,"comment_status":"closed","ping_status":"closed","sticky":false,"template":"","format":"standard","meta":{"rop_custom_images_group":[],"rop_custom_messages_group":[],"rop_publish_now":"initial","rop_publish_now_accounts":[],"rop_publish_now_history":[],"rop_publish_now_status":"pending","neve_meta_sidebar":"","neve_meta_container":"","neve_meta_enable_content_width":"off","neve_meta_content_width":0,"neve_meta_title_alignment":"","neve_meta_author_avatar":"","neve_post_elements_order":"","neve_meta_disable_header":"","neve_meta_disable_footer":"","neve_meta_disable_title":"","footnotes":""},"categories":[13],"tags":[],"class_list":["post-2504","post","type-post","status-publish","format-standard","has-post-thumbnail","hentry","category-sin-categoria-ca"],"_links":{"self":[{"href":"https:\/\/www.iescarlessalvador.es\/index.php?rest_route=\/wp\/v2\/posts\/2504","targetHints":{"allow":["GET"]}}],"collection":[{"href":"https:\/\/www.iescarlessalvador.es\/index.php?rest_route=\/wp\/v2\/posts"}],"about":[{"href":"https:\/\/www.iescarlessalvador.es\/index.php?rest_route=\/wp\/v2\/types\/post"}],"author":[{"embeddable":true,"href":"https:\/\/www.iescarlessalvador.es\/index.php?rest_route=\/wp\/v2\/users\/1"}],"replies":[{"embeddable":true,"href":"https:\/\/www.iescarlessalvador.es\/index.php?rest_route=%2Fwp%2Fv2%2Fcomments&post=2504"}],"version-history":[{"count":1,"href":"https:\/\/www.iescarlessalvador.es\/index.php?rest_route=\/wp\/v2\/posts\/2504\/revisions"}],"predecessor-version":[{"id":2505,"href":"https:\/\/www.iescarlessalvador.es\/index.php?rest_route=\/wp\/v2\/posts\/2504\/revisions\/2505"}],"wp:featuredmedia":[{"embeddable":true,"href":"https:\/\/www.iescarlessalvador.es\/index.php?rest_route=\/wp\/v2\/media\/2492"}],"wp:attachment":[{"href":"https:\/\/www.iescarlessalvador.es\/index.php?rest_route=%2Fwp%2Fv2%2Fmedia&parent=2504"}],"wp:term":[{"taxonomy":"category","embeddable":true,"href":"https:\/\/www.iescarlessalvador.es\/index.php?rest_route=%2Fwp%2Fv2%2Fcategories&post=2504"},{"taxonomy":"post_tag","embeddable":true,"href":"https:\/\/www.iescarlessalvador.es\/index.php?rest_route=%2Fwp%2Fv2%2Ftags&post=2504"}],"curies":[{"name":"wp","href":"https:\/\/api.w.org\/{rel}","templated":true}]}}