{"id":2510,"date":"2021-11-29T18:48:04","date_gmt":"2021-11-29T18:48:04","guid":{"rendered":"http:\/\/www.iescarlessalvador.es\/?p=2510"},"modified":"2021-11-29T18:49:03","modified_gmt":"2021-11-29T18:49:03","slug":"continuem-endavant-olimpiades-de-quimica","status":"publish","type":"post","link":"https:\/\/www.iescarlessalvador.es\/?p=2510","title":{"rendered":"CONTINUEM ENDAVANT A LES OLIMPIADES DE QU\u00cdMICA"},"content":{"rendered":"\n<p>L&#8217;Olimp\u00edada Qu\u00edmica \u00e9s un programa del Ministeri d&#8217;Educaci\u00f3, Cultura i Esport en col\u00b7laboraci\u00f3 amb l&#8217;Associaci\u00f3 Nacional de Qu\u00edmics d&#8217;Espanya i la Reial Societat Espanyola de Qu\u00edmica, iniciat en 1995. La seua intenci\u00f3 \u00e9s estimular la creativitat i l&#8217;inter\u00e9s dels estudiants de l&#8217;\u00faltim any de secund\u00e0ria. En ell participen tots els centres de secund\u00e0ria, p\u00fablics i privats, que ho desitgen, a trav\u00e9s dels seus alumnes m\u00e9s interessats per la qu\u00edmica. L&#8217;Olimp\u00edada de Qu\u00edmica consta de quatre fases: Local, Nacional, Internacional i Iberoamericana.<\/p>\n\n\n\n<p>El passat 19 de novembre es va celebrar la <strong>prova de preselecci\u00f3<\/strong> de la fase local. En aquesta primera prova se seleccionen els <strong>millors alumnes<\/strong> que s&#8217;incorporen a les classes preparat\u00f2ries en la Facultat de Qu\u00edmica, pr\u00e8vies a la prova de la <strong>fase local el 4 de mar\u00e7<\/strong>.<\/p>\n\n\n\n<p>Els nostres alumnes, <strong>Alejandro Sanchis<\/strong> i <strong>Javier Rodr\u00edguez<\/strong> de <strong>2n de Batxillerat<\/strong> Cient\u00edfic han sigut seleccionats. !!!ENHORABONA!!!<\/p>\n\n\n\n<p>Tamb\u00e9 agra\u00efm a <strong>Marta Perell\u00f3<\/strong> el seu esfor\u00e7 i entusiasme en participar en la prova.<\/p>\n\n\n\n<p>Alejandro, Javier \u2026\u2026..molt\u00edssima sort en la fase Local!!<\/p>\n","protected":false},"excerpt":{"rendered":"<p>L&#8217;Olimp\u00edada Qu\u00edmica \u00e9s un programa del Ministeri d&#8217;Educaci\u00f3, Cultura i Esport en col\u00b7laboraci\u00f3 amb l&#8217;Associaci\u00f3 Nacional de Qu\u00edmics d&#8217;Espanya i la Reial Societat Espanyola de Qu\u00edmica, iniciat en 1995. La seua intenci\u00f3 \u00e9s estimular la creativitat i l&#8217;inter\u00e9s dels estudiants de l&#8217;\u00faltim any de secund\u00e0ria. En ell participen tots els centres de secund\u00e0ria, p\u00fablics i&hellip;&nbsp;<a href=\"https:\/\/www.iescarlessalvador.es\/?p=2510\" class=\"\" rel=\"bookmark\">Leer m\u00e1s &raquo;<span class=\"screen-reader-text\">CONTINUEM ENDAVANT A LES OLIMPIADES DE QU\u00cdMICA<\/span><\/a><\/p>\n","protected":false},"author":1,"featured_media":2482,"comment_status":"closed","ping_status":"closed","sticky":false,"template":"","format":"standard","meta":{"rop_custom_images_group":[],"rop_custom_messages_group":[],"rop_publish_now":"initial","rop_publish_now_accounts":[],"rop_publish_now_history":[],"rop_publish_now_status":"pending","neve_meta_sidebar":"","neve_meta_container":"","neve_meta_enable_content_width":"off","neve_meta_content_width":0,"neve_meta_title_alignment":"","neve_meta_author_avatar":"","neve_post_elements_order":"","neve_meta_disable_header":"","neve_meta_disable_footer":"","neve_meta_disable_title":"","footnotes":""},"categories":[13],"tags":[],"class_list":["post-2510","post","type-post","status-publish","format-standard","has-post-thumbnail","hentry","category-sin-categoria-ca"],"_links":{"self":[{"href":"https:\/\/www.iescarlessalvador.es\/index.php?rest_route=\/wp\/v2\/posts\/2510","targetHints":{"allow":["GET"]}}],"collection":[{"href":"https:\/\/www.iescarlessalvador.es\/index.php?rest_route=\/wp\/v2\/posts"}],"about":[{"href":"https:\/\/www.iescarlessalvador.es\/index.php?rest_route=\/wp\/v2\/types\/post"}],"author":[{"embeddable":true,"href":"https:\/\/www.iescarlessalvador.es\/index.php?rest_route=\/wp\/v2\/users\/1"}],"replies":[{"embeddable":true,"href":"https:\/\/www.iescarlessalvador.es\/index.php?rest_route=%2Fwp%2Fv2%2Fcomments&post=2510"}],"version-history":[{"count":2,"href":"https:\/\/www.iescarlessalvador.es\/index.php?rest_route=\/wp\/v2\/posts\/2510\/revisions"}],"predecessor-version":[{"id":2512,"href":"https:\/\/www.iescarlessalvador.es\/index.php?rest_route=\/wp\/v2\/posts\/2510\/revisions\/2512"}],"wp:featuredmedia":[{"embeddable":true,"href":"https:\/\/www.iescarlessalvador.es\/index.php?rest_route=\/wp\/v2\/media\/2482"}],"wp:attachment":[{"href":"https:\/\/www.iescarlessalvador.es\/index.php?rest_route=%2Fwp%2Fv2%2Fmedia&parent=2510"}],"wp:term":[{"taxonomy":"category","embeddable":true,"href":"https:\/\/www.iescarlessalvador.es\/index.php?rest_route=%2Fwp%2Fv2%2Fcategories&post=2510"},{"taxonomy":"post_tag","embeddable":true,"href":"https:\/\/www.iescarlessalvador.es\/index.php?rest_route=%2Fwp%2Fv2%2Ftags&post=2510"}],"curies":[{"name":"wp","href":"https:\/\/api.w.org\/{rel}","templated":true}]}}