{"id":2513,"date":"2021-11-29T18:50:37","date_gmt":"2021-11-29T18:50:37","guid":{"rendered":"http:\/\/www.iescarlessalvador.es\/?p=2513"},"modified":"2021-11-29T18:50:38","modified_gmt":"2021-11-29T18:50:38","slug":"seguimos-adelante-en-las-olimpiadas-de-quimica","status":"publish","type":"post","link":"https:\/\/www.iescarlessalvador.es\/?p=2513&lang=es","title":{"rendered":"SEGUIMOS ADELANTE EN LAS OLIMPIADAS DE QU\u00cdMICA"},"content":{"rendered":"\n<p>La Olimpiada Qu\u00edmica es un programa del Ministerio de Educaci\u00f3n, Cultura y Deporte en colaboraci\u00f3n con la Asociaci\u00f3n Nacional de Qu\u00edmicos de Espa\u00f1a y la Real Sociedad Espa\u00f1ola de Qu\u00edmica, iniciado en 1995.&nbsp; Su intenci\u00f3n es estimular la creatividad y el inter\u00e9s de los estudiantes del \u00faltimo a\u00f1o de secundaria. En \u00e9l participan todos los centros de secundaria, p\u00fablicos y privados, que lo deseen, a trav\u00e9s de sus alumnos m\u00e1s interesados por la qu\u00edmica. La Olimpiada de Qu\u00edmica consta de cuatro fases: Local, Nacional, Internacional e Iberoamericana.<\/p>\n\n\n\n<p>El pasado 19 de noviembre se celebr\u00f3 la <strong>prueba de preselecci\u00f3n<\/strong> de la fase local. En esta primera prueba se seleccionan los <strong>mejores alumnos<\/strong> que se incorporan a las clases preparatorias en la Facultad de Qu\u00edmica, previas a la prueba de la <strong>fase local el 4 de marzo.<\/strong><\/p>\n\n\n\n<p>Nuestros alumnos,<strong> Alejandro Sanchis<\/strong> y <strong>Javier Rodr\u00edguez<\/strong> de <strong>2\u00ba de Bachillerato Cient\u00edfico<\/strong> han sido seleccionados. !!!ENHORABUENA!!!<\/p>\n\n\n\n<p>Tambi\u00e9n agradecemos a <strong>Marta Perell\u00f3<\/strong> su esfuerzo y entusiasmo al participar en la prueba.<\/p>\n\n\n\n<p>Alejandro, Javier &#8230;&#8230;..much\u00edsima suerte en la fase Local!!<\/p>\n","protected":false},"excerpt":{"rendered":"<p>La Olimpiada Qu\u00edmica es un programa del Ministerio de Educaci\u00f3n, Cultura y Deporte en colaboraci\u00f3n con la Asociaci\u00f3n Nacional de Qu\u00edmicos de Espa\u00f1a y la Real Sociedad Espa\u00f1ola de Qu\u00edmica, iniciado en 1995.&nbsp; Su intenci\u00f3n es estimular la creatividad y el inter\u00e9s de los estudiantes del \u00faltimo a\u00f1o de secundaria. En \u00e9l participan todos los&hellip;&nbsp;<a href=\"https:\/\/www.iescarlessalvador.es\/?p=2513&#038;lang=es\" class=\"\" rel=\"bookmark\">Leer m\u00e1s &raquo;<span class=\"screen-reader-text\">SEGUIMOS ADELANTE EN LAS OLIMPIADAS DE QU\u00cdMICA<\/span><\/a><\/p>\n","protected":false},"author":1,"featured_media":2482,"comment_status":"closed","ping_status":"closed","sticky":false,"template":"","format":"standard","meta":{"rop_custom_images_group":[],"rop_custom_messages_group":[],"rop_publish_now":"initial","rop_publish_now_accounts":[],"rop_publish_now_history":[],"rop_publish_now_status":"pending","neve_meta_sidebar":"","neve_meta_container":"","neve_meta_enable_content_width":"off","neve_meta_content_width":0,"neve_meta_title_alignment":"","neve_meta_author_avatar":"","neve_post_elements_order":"","neve_meta_disable_header":"","neve_meta_disable_footer":"","neve_meta_disable_title":"","footnotes":""},"categories":[34],"tags":[],"class_list":["post-2513","post","type-post","status-publish","format-standard","has-post-thumbnail","hentry","category-noticias"],"_links":{"self":[{"href":"https:\/\/www.iescarlessalvador.es\/index.php?rest_route=\/wp\/v2\/posts\/2513","targetHints":{"allow":["GET"]}}],"collection":[{"href":"https:\/\/www.iescarlessalvador.es\/index.php?rest_route=\/wp\/v2\/posts"}],"about":[{"href":"https:\/\/www.iescarlessalvador.es\/index.php?rest_route=\/wp\/v2\/types\/post"}],"author":[{"embeddable":true,"href":"https:\/\/www.iescarlessalvador.es\/index.php?rest_route=\/wp\/v2\/users\/1"}],"replies":[{"embeddable":true,"href":"https:\/\/www.iescarlessalvador.es\/index.php?rest_route=%2Fwp%2Fv2%2Fcomments&post=2513"}],"version-history":[{"count":1,"href":"https:\/\/www.iescarlessalvador.es\/index.php?rest_route=\/wp\/v2\/posts\/2513\/revisions"}],"predecessor-version":[{"id":2514,"href":"https:\/\/www.iescarlessalvador.es\/index.php?rest_route=\/wp\/v2\/posts\/2513\/revisions\/2514"}],"wp:featuredmedia":[{"embeddable":true,"href":"https:\/\/www.iescarlessalvador.es\/index.php?rest_route=\/wp\/v2\/media\/2482"}],"wp:attachment":[{"href":"https:\/\/www.iescarlessalvador.es\/index.php?rest_route=%2Fwp%2Fv2%2Fmedia&parent=2513"}],"wp:term":[{"taxonomy":"category","embeddable":true,"href":"https:\/\/www.iescarlessalvador.es\/index.php?rest_route=%2Fwp%2Fv2%2Fcategories&post=2513"},{"taxonomy":"post_tag","embeddable":true,"href":"https:\/\/www.iescarlessalvador.es\/index.php?rest_route=%2Fwp%2Fv2%2Ftags&post=2513"}],"curies":[{"name":"wp","href":"https:\/\/api.w.org\/{rel}","templated":true}]}}