{"id":2525,"date":"2021-12-15T21:45:33","date_gmt":"2021-12-15T21:45:33","guid":{"rendered":"http:\/\/www.iescarlessalvador.es\/?p=2525"},"modified":"2021-12-15T21:57:47","modified_gmt":"2021-12-15T21:57:47","slug":"nota-informativa-families-desembre-2021","status":"publish","type":"post","link":"https:\/\/www.iescarlessalvador.es\/?p=2525","title":{"rendered":"Nota Informativa fam\u00edlies &#8211; desembre 2021"},"content":{"rendered":"\n<p>Estimades fam\u00edlies:<\/p>\n\n\n\n<p>Volem comunicar-vos que el <strong>dimecres 22 de desembre<\/strong> de 2021, hi haur\u00e0 com altres anys un horari especial. <strong>Les classes finalitzaran a l&#8217;hora del pati<\/strong> (<strong>10:45h<\/strong>). <strong>Les reunions de tutors\/es<\/strong> amb les fam\u00edlies se realitzaran per<strong> videoconfer\u00e8ncia MEET<\/strong>, el dia 21 per la vesprada i o el 22 a partir de les 11:15 hores. Disposen dels enlla\u00e7os al web del centre i s&#8217;han enviat invitacions als emails de l&#8217;alumnat. <\/p>\n\n\n\n<p>Pel que fa al <strong>lliurament de notes de la 1a Avaluaci\u00f3<\/strong>, els tutors els informaran en aquesta reuni\u00f3. Tamb\u00e9 poden <strong>consultar-les a Webfam\u00edlia<\/strong>, En cas de necessitar una c\u00f2pia en paper, hauran de passar per Administraci\u00f3 (de Dilluns a Divendres de 9.30 a 14:00h, i els Dilluns o Dimarts de 16.00 a 17.50 hores despr\u00e9s de les festes) o sol\u00b7licitar-ho a l\u2019email del centre <a href=\"mailto:46020406@gva.es\">46020406@gva.es<\/a><\/p>\n\n\n\n<p>Aprofitem per desitjar-vos unes bones festes i un millor any nou 2022.<\/p>\n\n\n\n<p>Podem descarregar la nota informativa <a href=\"https:\/\/www.iescarlessalvador.es\/wp-content\/uploads\/2021\/12\/Carta-pares-entrega-notes-i-atencio-families-1_avaluacio_def-1.pdf\">AC\u00cd<\/a><\/p>\n","protected":false},"excerpt":{"rendered":"<p>Estimades fam\u00edlies: Volem comunicar-vos que el dimecres 22 de desembre de 2021, hi haur\u00e0 com altres anys un horari especial. Les classes finalitzaran a l&#8217;hora del pati (10:45h). Les reunions de tutors\/es amb les fam\u00edlies se realitzaran per videoconfer\u00e8ncia MEET, el dia 21 per la vesprada i o el 22 a partir de les 11:15&hellip;&nbsp;<a href=\"https:\/\/www.iescarlessalvador.es\/?p=2525\" class=\"\" rel=\"bookmark\">Leer m\u00e1s &raquo;<span class=\"screen-reader-text\">Nota Informativa fam\u00edlies &#8211; desembre 2021<\/span><\/a><\/p>\n","protected":false},"author":1,"featured_media":2530,"comment_status":"closed","ping_status":"closed","sticky":false,"template":"","format":"standard","meta":{"rop_custom_images_group":[],"rop_custom_messages_group":[],"rop_publish_now":"initial","rop_publish_now_accounts":[],"rop_publish_now_history":[],"rop_publish_now_status":"pending","neve_meta_sidebar":"","neve_meta_container":"","neve_meta_enable_content_width":"off","neve_meta_content_width":0,"neve_meta_title_alignment":"","neve_meta_author_avatar":"","neve_post_elements_order":"","neve_meta_disable_header":"","neve_meta_disable_footer":"","neve_meta_disable_title":"","footnotes":""},"categories":[13],"tags":[],"class_list":["post-2525","post","type-post","status-publish","format-standard","has-post-thumbnail","hentry","category-sin-categoria-ca"],"_links":{"self":[{"href":"https:\/\/www.iescarlessalvador.es\/index.php?rest_route=\/wp\/v2\/posts\/2525","targetHints":{"allow":["GET"]}}],"collection":[{"href":"https:\/\/www.iescarlessalvador.es\/index.php?rest_route=\/wp\/v2\/posts"}],"about":[{"href":"https:\/\/www.iescarlessalvador.es\/index.php?rest_route=\/wp\/v2\/types\/post"}],"author":[{"embeddable":true,"href":"https:\/\/www.iescarlessalvador.es\/index.php?rest_route=\/wp\/v2\/users\/1"}],"replies":[{"embeddable":true,"href":"https:\/\/www.iescarlessalvador.es\/index.php?rest_route=%2Fwp%2Fv2%2Fcomments&post=2525"}],"version-history":[{"count":2,"href":"https:\/\/www.iescarlessalvador.es\/index.php?rest_route=\/wp\/v2\/posts\/2525\/revisions"}],"predecessor-version":[{"id":2537,"href":"https:\/\/www.iescarlessalvador.es\/index.php?rest_route=\/wp\/v2\/posts\/2525\/revisions\/2537"}],"wp:featuredmedia":[{"embeddable":true,"href":"https:\/\/www.iescarlessalvador.es\/index.php?rest_route=\/wp\/v2\/media\/2530"}],"wp:attachment":[{"href":"https:\/\/www.iescarlessalvador.es\/index.php?rest_route=%2Fwp%2Fv2%2Fmedia&parent=2525"}],"wp:term":[{"taxonomy":"category","embeddable":true,"href":"https:\/\/www.iescarlessalvador.es\/index.php?rest_route=%2Fwp%2Fv2%2Fcategories&post=2525"},{"taxonomy":"post_tag","embeddable":true,"href":"https:\/\/www.iescarlessalvador.es\/index.php?rest_route=%2Fwp%2Fv2%2Ftags&post=2525"}],"curies":[{"name":"wp","href":"https:\/\/api.w.org\/{rel}","templated":true}]}}