{"id":2531,"date":"2021-12-15T21:51:42","date_gmt":"2021-12-15T21:51:42","guid":{"rendered":"http:\/\/www.iescarlessalvador.es\/?p=2531"},"modified":"2021-12-15T21:56:45","modified_gmt":"2021-12-15T21:56:45","slug":"nota-informativa-familias-diciembre-2021","status":"publish","type":"post","link":"https:\/\/www.iescarlessalvador.es\/?p=2531&lang=es","title":{"rendered":"Nota Informativa familias &#8211; diciembre 2021"},"content":{"rendered":"\n<p>Estimadas familias:<\/p>\n\n\n\n<p>Queremos comunicarles que el <strong>mi\u00e9rcoles<\/strong> <strong>22 de diciembre de 2021, <\/strong>habr\u00e1 como otros a\u00f1os un horario especial. <strong>Las clases finalizar\u00e1n a la hora del patio<\/strong> (<strong>10:45h<\/strong>). Las <strong>reuniones de tutores<\/strong> con las familias se realizar\u00e1n <strong>por videoconferencia MEET<\/strong> el d\u00eda <strong>21<\/strong> por la tarde <strong>o el 22<\/strong> a partir de las 11:15 horas. Disponen de los enlaces en la web del centro y se han enviado invitaciones a los emails del alumnado. <\/p>\n\n\n\n<p>Respecto a la <strong>entrega de notas de la 1\u00aa Evaluaci\u00f3n<\/strong>, los tutores les informar\u00e1n en dicha reuni\u00f3n. Tambi\u00e9n pueden <strong>consultarlas en Webfamilia<\/strong>, En caso de necesitar una copia en papel, pasar por Administraci\u00f3n (de Lunes a Viernes de 9:30 a 14:00h, y los Lunes o Martes de 16:00 a 17:50 horas despu\u00e9s de las fiestas) o solicitarlo al email del centro <a href=\"mailto:46020406@gva.es\">46020406@gva.es<\/a><\/p>\n\n\n\n<p>Aprovechamos para desearles unas Felices Navidades y un Mejor A\u00f1o Nuevo 2022<\/p>\n\n\n\n<p>Pueden descargar la nota informativa <a href=\"https:\/\/www.iescarlessalvador.es\/wp-content\/uploads\/2021\/12\/Carta-pares-entrega-notes-i-atencio-families-1_avaluacio_def-1.pdf\">AQU\u00cd<\/a><\/p>\n","protected":false},"excerpt":{"rendered":"<p>Estimadas familias: Queremos comunicarles que el mi\u00e9rcoles 22 de diciembre de 2021, habr\u00e1 como otros a\u00f1os un horario especial. Las clases finalizar\u00e1n a la hora del patio (10:45h). Las reuniones de tutores con las familias se realizar\u00e1n por videoconferencia MEET el d\u00eda 21 por la tarde o el 22 a partir de las 11:15 horas.&hellip;&nbsp;<a href=\"https:\/\/www.iescarlessalvador.es\/?p=2531&#038;lang=es\" class=\"\" rel=\"bookmark\">Leer m\u00e1s &raquo;<span class=\"screen-reader-text\">Nota Informativa familias &#8211; diciembre 2021<\/span><\/a><\/p>\n","protected":false},"author":1,"featured_media":2529,"comment_status":"closed","ping_status":"closed","sticky":false,"template":"","format":"standard","meta":{"rop_custom_images_group":[],"rop_custom_messages_group":[],"rop_publish_now":"initial","rop_publish_now_accounts":[],"rop_publish_now_history":[],"rop_publish_now_status":"pending","neve_meta_sidebar":"","neve_meta_container":"","neve_meta_enable_content_width":"off","neve_meta_content_width":0,"neve_meta_title_alignment":"","neve_meta_author_avatar":"","neve_post_elements_order":"","neve_meta_disable_header":"","neve_meta_disable_footer":"","neve_meta_disable_title":"","footnotes":""},"categories":[34],"tags":[],"class_list":["post-2531","post","type-post","status-publish","format-standard","has-post-thumbnail","hentry","category-noticias"],"_links":{"self":[{"href":"https:\/\/www.iescarlessalvador.es\/index.php?rest_route=\/wp\/v2\/posts\/2531","targetHints":{"allow":["GET"]}}],"collection":[{"href":"https:\/\/www.iescarlessalvador.es\/index.php?rest_route=\/wp\/v2\/posts"}],"about":[{"href":"https:\/\/www.iescarlessalvador.es\/index.php?rest_route=\/wp\/v2\/types\/post"}],"author":[{"embeddable":true,"href":"https:\/\/www.iescarlessalvador.es\/index.php?rest_route=\/wp\/v2\/users\/1"}],"replies":[{"embeddable":true,"href":"https:\/\/www.iescarlessalvador.es\/index.php?rest_route=%2Fwp%2Fv2%2Fcomments&post=2531"}],"version-history":[{"count":3,"href":"https:\/\/www.iescarlessalvador.es\/index.php?rest_route=\/wp\/v2\/posts\/2531\/revisions"}],"predecessor-version":[{"id":2536,"href":"https:\/\/www.iescarlessalvador.es\/index.php?rest_route=\/wp\/v2\/posts\/2531\/revisions\/2536"}],"wp:featuredmedia":[{"embeddable":true,"href":"https:\/\/www.iescarlessalvador.es\/index.php?rest_route=\/wp\/v2\/media\/2529"}],"wp:attachment":[{"href":"https:\/\/www.iescarlessalvador.es\/index.php?rest_route=%2Fwp%2Fv2%2Fmedia&parent=2531"}],"wp:term":[{"taxonomy":"category","embeddable":true,"href":"https:\/\/www.iescarlessalvador.es\/index.php?rest_route=%2Fwp%2Fv2%2Fcategories&post=2531"},{"taxonomy":"post_tag","embeddable":true,"href":"https:\/\/www.iescarlessalvador.es\/index.php?rest_route=%2Fwp%2Fv2%2Ftags&post=2531"}],"curies":[{"name":"wp","href":"https:\/\/api.w.org\/{rel}","templated":true}]}}