{"id":2622,"date":"2022-02-10T22:06:40","date_gmt":"2022-02-10T22:06:40","guid":{"rendered":"http:\/\/www.iescarlessalvador.es\/?p=2622"},"modified":"2022-02-10T22:15:06","modified_gmt":"2022-02-10T22:15:06","slug":"dones-invisibilitzades-en-la-ciencia-lamujerenlaciencia","status":"publish","type":"post","link":"https:\/\/www.iescarlessalvador.es\/?p=2622","title":{"rendered":"Dones invisibilitzades en la ci\u00e8ncia @lamujerenlaciencia"},"content":{"rendered":"\n<p>Hola, nosaltres som Andrea, Ixiar, Gasparri i Patricia alumnes de 4t d&#8217;ESO a l&#8217;IES Carles Salvador.<br>Vol\u00edem comunicar que estem fent un projecte d&#8217;aprenentatge per a l&#8217;acci\u00f3 realitzat en el marc del projecte: \u201c<strong>Del reconeixement a la mobilitzaci\u00f3 transformadora per a promoci\u00f3 del dret a la salut a l&#8217;Horta <em>Oest Val\u00e8ncia<\/em><\/strong><em>\u201d <\/em> <\/p>\n\n\n\n<p><em>Per a aquest projecte hem creat un compte d&#8217;Instagram on pugem fotos i informaci\u00f3 sobre dones invisibilitzades en la ci\u00e8ncia anomenada <\/em><strong><em>@<\/em>lamujerenlaciencia<\/strong>.<br>Ens ajudaria molt\u00edssim que segu\u00edreu el compte perqu\u00e8 arribe a m\u00e9s persones<br>Aquest \u00e9s el link: <a href=\"https:\/\/www.instagram.com\/lamujerenlaciencia\/\">https:\/\/www.instagram.com\/lamujerenlaciencia\/<\/a><\/p>\n\n\n\n<p>Gr\u00e0cies per la vostra aportaci\u00f3!<\/p>\n","protected":false},"excerpt":{"rendered":"<p>Hola, nosaltres som Andrea, Ixiar, Gasparri i Patricia alumnes de 4t d&#8217;ESO a l&#8217;IES Carles Salvador.Vol\u00edem comunicar que estem fent un projecte d&#8217;aprenentatge per a l&#8217;acci\u00f3 realitzat en el marc del projecte: \u201cDel reconeixement a la mobilitzaci\u00f3 transformadora per a promoci\u00f3 del dret a la salut a l&#8217;Horta Oest Val\u00e8ncia\u201d Per a aquest projecte hem&hellip;&nbsp;<a href=\"https:\/\/www.iescarlessalvador.es\/?p=2622\" class=\"\" rel=\"bookmark\">Leer m\u00e1s &raquo;<span class=\"screen-reader-text\">Dones invisibilitzades en la ci\u00e8ncia @lamujerenlaciencia<\/span><\/a><\/p>\n","protected":false},"author":1,"featured_media":2627,"comment_status":"closed","ping_status":"closed","sticky":false,"template":"","format":"standard","meta":{"rop_custom_images_group":[],"rop_custom_messages_group":[],"rop_publish_now":"initial","rop_publish_now_accounts":[],"rop_publish_now_history":[],"rop_publish_now_status":"pending","neve_meta_sidebar":"","neve_meta_container":"","neve_meta_enable_content_width":"off","neve_meta_content_width":0,"neve_meta_title_alignment":"","neve_meta_author_avatar":"","neve_post_elements_order":"","neve_meta_disable_header":"","neve_meta_disable_footer":"","neve_meta_disable_title":"","footnotes":""},"categories":[13],"tags":[],"class_list":["post-2622","post","type-post","status-publish","format-standard","has-post-thumbnail","hentry","category-sin-categoria-ca"],"_links":{"self":[{"href":"https:\/\/www.iescarlessalvador.es\/index.php?rest_route=\/wp\/v2\/posts\/2622","targetHints":{"allow":["GET"]}}],"collection":[{"href":"https:\/\/www.iescarlessalvador.es\/index.php?rest_route=\/wp\/v2\/posts"}],"about":[{"href":"https:\/\/www.iescarlessalvador.es\/index.php?rest_route=\/wp\/v2\/types\/post"}],"author":[{"embeddable":true,"href":"https:\/\/www.iescarlessalvador.es\/index.php?rest_route=\/wp\/v2\/users\/1"}],"replies":[{"embeddable":true,"href":"https:\/\/www.iescarlessalvador.es\/index.php?rest_route=%2Fwp%2Fv2%2Fcomments&post=2622"}],"version-history":[{"count":2,"href":"https:\/\/www.iescarlessalvador.es\/index.php?rest_route=\/wp\/v2\/posts\/2622\/revisions"}],"predecessor-version":[{"id":2628,"href":"https:\/\/www.iescarlessalvador.es\/index.php?rest_route=\/wp\/v2\/posts\/2622\/revisions\/2628"}],"wp:featuredmedia":[{"embeddable":true,"href":"https:\/\/www.iescarlessalvador.es\/index.php?rest_route=\/wp\/v2\/media\/2627"}],"wp:attachment":[{"href":"https:\/\/www.iescarlessalvador.es\/index.php?rest_route=%2Fwp%2Fv2%2Fmedia&parent=2622"}],"wp:term":[{"taxonomy":"category","embeddable":true,"href":"https:\/\/www.iescarlessalvador.es\/index.php?rest_route=%2Fwp%2Fv2%2Fcategories&post=2622"},{"taxonomy":"post_tag","embeddable":true,"href":"https:\/\/www.iescarlessalvador.es\/index.php?rest_route=%2Fwp%2Fv2%2Ftags&post=2622"}],"curies":[{"name":"wp","href":"https:\/\/api.w.org\/{rel}","templated":true}]}}