{"id":2624,"date":"2022-02-10T22:08:03","date_gmt":"2022-02-10T22:08:03","guid":{"rendered":"http:\/\/www.iescarlessalvador.es\/?p=2624"},"modified":"2022-02-10T22:15:23","modified_gmt":"2022-02-10T22:15:23","slug":"mujeres-invisibilizadas-en-la-ciencia-lamujerenlaciencia","status":"publish","type":"post","link":"https:\/\/www.iescarlessalvador.es\/?p=2624&lang=es","title":{"rendered":"Mujeres invisibilizadas en la ciencia @lamujerenlaciencia"},"content":{"rendered":"\n<p>Hola, nosotras somos: Andrea, Ixiar, Gasparri y Patricia alumnas de 4\u00b0ESO en el IES Carles Salvador.<\/p>\n\n\n\n<p>Quer\u00edamos comunicar de que estamos haciendo un proyecto de aprendizaje para la acci\u00f3n realizado en el marco del proyecto: \u201c<strong>Del reconocimiento a la movilizaci\u00f3n transformadora para promoci\u00f3n del derecho a la salud en l\u2019Horta Oest Val\u00e8ncia<\/strong>\u201d<\/p>\n\n\n\n<p>Para este proyecto hemos creado una cuenta de Instagram donde subimos fotos e informaci\u00f3n sobre mujeres invisibilizadas en la ciencia llamada <strong>@lamujerenlaciencia<\/strong>.<\/p>\n\n\n\n<p>Nos ayudar\u00eda much\u00edsimo que siguierais la cuenta para que llegue a m\u00e1s personas<\/p>\n\n\n\n<p>Este es el link: <a href=\"https:\/\/www.instagram.com\/lamujerenlaciencia\/\">https:\/\/www.instagram.com\/lamujerenlaciencia\/<\/a><\/p>\n\n\n\n<p>\u00a1Gracias por vuestro aporte!<\/p>\n","protected":false},"excerpt":{"rendered":"<p>Hola, nosotras somos: Andrea, Ixiar, Gasparri y Patricia alumnas de 4\u00b0ESO en el IES Carles Salvador. Quer\u00edamos comunicar de que estamos haciendo un proyecto de aprendizaje para la acci\u00f3n realizado en el marco del proyecto: \u201cDel reconocimiento a la movilizaci\u00f3n transformadora para promoci\u00f3n del derecho a la salud en l\u2019Horta Oest Val\u00e8ncia\u201d Para este proyecto&hellip;&nbsp;<a href=\"https:\/\/www.iescarlessalvador.es\/?p=2624&#038;lang=es\" class=\"\" rel=\"bookmark\">Leer m\u00e1s &raquo;<span class=\"screen-reader-text\">Mujeres invisibilizadas en la ciencia @lamujerenlaciencia<\/span><\/a><\/p>\n","protected":false},"author":1,"featured_media":2627,"comment_status":"closed","ping_status":"closed","sticky":false,"template":"","format":"standard","meta":{"rop_custom_images_group":[],"rop_custom_messages_group":[],"rop_publish_now":"initial","rop_publish_now_accounts":[],"rop_publish_now_history":[],"rop_publish_now_status":"pending","neve_meta_sidebar":"","neve_meta_container":"","neve_meta_enable_content_width":"off","neve_meta_content_width":0,"neve_meta_title_alignment":"","neve_meta_author_avatar":"","neve_post_elements_order":"","neve_meta_disable_header":"","neve_meta_disable_footer":"","neve_meta_disable_title":"","footnotes":""},"categories":[34],"tags":[],"class_list":["post-2624","post","type-post","status-publish","format-standard","has-post-thumbnail","hentry","category-noticias"],"_links":{"self":[{"href":"https:\/\/www.iescarlessalvador.es\/index.php?rest_route=\/wp\/v2\/posts\/2624","targetHints":{"allow":["GET"]}}],"collection":[{"href":"https:\/\/www.iescarlessalvador.es\/index.php?rest_route=\/wp\/v2\/posts"}],"about":[{"href":"https:\/\/www.iescarlessalvador.es\/index.php?rest_route=\/wp\/v2\/types\/post"}],"author":[{"embeddable":true,"href":"https:\/\/www.iescarlessalvador.es\/index.php?rest_route=\/wp\/v2\/users\/1"}],"replies":[{"embeddable":true,"href":"https:\/\/www.iescarlessalvador.es\/index.php?rest_route=%2Fwp%2Fv2%2Fcomments&post=2624"}],"version-history":[{"count":2,"href":"https:\/\/www.iescarlessalvador.es\/index.php?rest_route=\/wp\/v2\/posts\/2624\/revisions"}],"predecessor-version":[{"id":2626,"href":"https:\/\/www.iescarlessalvador.es\/index.php?rest_route=\/wp\/v2\/posts\/2624\/revisions\/2626"}],"wp:featuredmedia":[{"embeddable":true,"href":"https:\/\/www.iescarlessalvador.es\/index.php?rest_route=\/wp\/v2\/media\/2627"}],"wp:attachment":[{"href":"https:\/\/www.iescarlessalvador.es\/index.php?rest_route=%2Fwp%2Fv2%2Fmedia&parent=2624"}],"wp:term":[{"taxonomy":"category","embeddable":true,"href":"https:\/\/www.iescarlessalvador.es\/index.php?rest_route=%2Fwp%2Fv2%2Fcategories&post=2624"},{"taxonomy":"post_tag","embeddable":true,"href":"https:\/\/www.iescarlessalvador.es\/index.php?rest_route=%2Fwp%2Fv2%2Ftags&post=2624"}],"curies":[{"name":"wp","href":"https:\/\/api.w.org\/{rel}","templated":true}]}}