{"id":2629,"date":"2022-02-15T14:57:34","date_gmt":"2022-02-15T14:57:34","guid":{"rendered":"http:\/\/www.iescarlessalvador.es\/?p=2629"},"modified":"2022-05-21T06:06:50","modified_gmt":"2022-05-21T06:06:50","slug":"visita-guiada-a-loceanografic-de-valencia-i-participacio-en-una-solta-de-tortugues-marines","status":"publish","type":"post","link":"https:\/\/www.iescarlessalvador.es\/?p=2629","title":{"rendered":"Visita guiada a l&#8217;Oceanogr\u00e0fic de Val\u00e8ncia i participaci\u00f3 en una solta de tortugues marines."},"content":{"rendered":"\n<p>El divendres 11 de Febrer de 2022, i amb motiu del Dia Internacional de la Dona i la Xiqueta en la Ci\u00e8ncia, el grup de 1r de Batxillerat Cient\u00edfic, acompanyat per Luc\u00eda Botella i Fco Javier Vel\u00e1zquez, del Departament de Biologia i Geologia, van tindre l&#8217;ocasi\u00f3 de visitar les instal\u00b7lacions de l&#8217;Oceanogr\u00e0fic de Val\u00e8ncia.<\/p>\n\n\n\n<div class=\"wp-block-image\"><figure class=\"aligncenter\"><img fetchpriority=\"high\" decoding=\"async\" width=\"730\" height=\"548\" src=\"https:\/\/www.iescarlessalvador.es\/wp-content\/uploads\/2022\/02\/08D7698DDC00479BA423052E1EC57FBC.jpg\" alt=\"\" class=\"wp-image-2631\" srcset=\"https:\/\/www.iescarlessalvador.es\/wp-content\/uploads\/2022\/02\/08D7698DDC00479BA423052E1EC57FBC.jpg 730w, https:\/\/www.iescarlessalvador.es\/wp-content\/uploads\/2022\/02\/08D7698DDC00479BA423052E1EC57FBC-300x225.jpg 300w\" sizes=\"(max-width: 730px) 100vw, 730px\" \/><\/figure><\/div>\n\n\n\n<p>En aquesta visita, 3 investigadores que treballen all\u00ed, entre elles, la responsable de Divulgaci\u00f3, Alicia Borque, van mostrar al grup com fan el seu treball habitualment en les instal\u00b7lacions del complex, i l&#8217;alumnat va tindre oportunitat de con\u00e9ixer com s&#8217;ajuda a la reproducci\u00f3 de taurons, aix\u00ed com la investigaci\u00f3 en grans cetacis marins, com la beluga, o altres com els dofins mulars, que van mostrar l&#8217;entrenament que segueixen per a precisament servir d&#8217;ajuda a l&#8217;hora d&#8217;estudiar a aquests i altres mam\u00edfers marins que viuen en llibertat.<\/p>\n\n\n\n<div class=\"wp-block-image\"><figure class=\"aligncenter size-full\"><img decoding=\"async\" width=\"730\" height=\"548\" src=\"https:\/\/www.iescarlessalvador.es\/wp-content\/uploads\/2022\/02\/1A1C6A882D7444F594EF8A6649A21F44.jpg\" alt=\"\" class=\"wp-image-2630\" srcset=\"https:\/\/www.iescarlessalvador.es\/wp-content\/uploads\/2022\/02\/1A1C6A882D7444F594EF8A6649A21F44.jpg 730w, https:\/\/www.iescarlessalvador.es\/wp-content\/uploads\/2022\/02\/1A1C6A882D7444F594EF8A6649A21F44-300x225.jpg 300w\" sizes=\"(max-width: 730px) 100vw, 730px\" \/><\/figure><\/div>\n\n\n\n<p><br>Posteriorment a la visita a l&#8217;Oceanogr\u00e0fic, el grup es va dirigir a la platja del Saler per a ser part\u00edcips de la solta de dues tortugues babaues que havien sigut capturades accidentalment per pescadors a Benicarl\u00f3, i que havien sigut revisades pels veterinaris del complex per a determinar si tenien algun problema f\u00edsic o fisiol\u00f2gic, despr\u00e9s de la qual cosa ja podien tornar a la mar.<\/p>\n\n\n\n<div class=\"wp-block-image\"><figure class=\"aligncenter size-full\"><img decoding=\"async\" width=\"730\" height=\"548\" src=\"https:\/\/www.iescarlessalvador.es\/wp-content\/uploads\/2022\/02\/93DB1C399C654E53BD5CA39EFB81EC4E.jpg\" alt=\"\" class=\"wp-image-2632\" srcset=\"https:\/\/www.iescarlessalvador.es\/wp-content\/uploads\/2022\/02\/93DB1C399C654E53BD5CA39EFB81EC4E.jpg 730w, https:\/\/www.iescarlessalvador.es\/wp-content\/uploads\/2022\/02\/93DB1C399C654E53BD5CA39EFB81EC4E-300x225.jpg 300w\" sizes=\"(max-width: 730px) 100vw, 730px\" \/><\/figure><\/div>\n\n\n\n<p>Les responsables de l&#8217;activitat van donar l&#8217;oportunitat al grup d&#8217;alumnes i alumnes de \u00abbatejar\u00bb amb un nom a la tortuga que ens corresponia, i finalment va rebre el nom de \u00abRosalind\u00bb, en honor a la injuriada Rosalind Franklin, qui va posar la base per al descobriment de l&#8217;arquitectura qu\u00edmica de l&#8217;ADN.<br><\/p>\n\n\n\n<div class=\"wp-block-image\"><figure class=\"aligncenter size-full\"><img loading=\"lazy\" decoding=\"async\" width=\"549\" height=\"731\" src=\"https:\/\/www.iescarlessalvador.es\/wp-content\/uploads\/2022\/02\/04F467A02C224335A80D1BE1E58996BF.jpg\" alt=\"\" class=\"wp-image-2635\" srcset=\"https:\/\/www.iescarlessalvador.es\/wp-content\/uploads\/2022\/02\/04F467A02C224335A80D1BE1E58996BF.jpg 549w, https:\/\/www.iescarlessalvador.es\/wp-content\/uploads\/2022\/02\/04F467A02C224335A80D1BE1E58996BF-225x300.jpg 225w\" sizes=\"(max-width: 549px) 100vw, 549px\" \/><\/figure><\/div>\n\n\n\n<p>Des d&#8217;ac\u00ed donem una sincera felicitaci\u00f3 i un gran agra\u00efment a Alicia, Marta i Tamara, aix\u00ed com a l@s voluntari@s de la Fundaci\u00f3 de l&#8217;Oceanogr\u00e0fic que ens van acompanyar en tot moment, per l&#8217;inter\u00e9s mostrat abans i durant el desenvolupament de l&#8217;activitat.\u00bb<\/p>\n\n\n\n<figure class=\"wp-block-image size-large\"><img loading=\"lazy\" decoding=\"async\" width=\"1024\" height=\"724\" src=\"https:\/\/www.iescarlessalvador.es\/wp-content\/uploads\/2022\/05\/patrulla_marina-1024x724.jpg\" alt=\"\" class=\"wp-image-2839\" srcset=\"https:\/\/www.iescarlessalvador.es\/wp-content\/uploads\/2022\/05\/patrulla_marina-1024x724.jpg 1024w, https:\/\/www.iescarlessalvador.es\/wp-content\/uploads\/2022\/05\/patrulla_marina-300x212.jpg 300w, https:\/\/www.iescarlessalvador.es\/wp-content\/uploads\/2022\/05\/patrulla_marina-768x543.jpg 768w, https:\/\/www.iescarlessalvador.es\/wp-content\/uploads\/2022\/05\/patrulla_marina-1536x1086.jpg 1536w, https:\/\/www.iescarlessalvador.es\/wp-content\/uploads\/2022\/05\/patrulla_marina-2048x1448.jpg 2048w\" sizes=\"(max-width: 1024px) 100vw, 1024px\" \/><\/figure>\n","protected":false},"excerpt":{"rendered":"<p>El divendres 11 de Febrer de 2022, i amb motiu del Dia Internacional de la Dona i la Xiqueta en la Ci\u00e8ncia, el grup de 1r de Batxillerat Cient\u00edfic, acompanyat per Luc\u00eda Botella i Fco Javier Vel\u00e1zquez, del Departament de Biologia i Geologia, van tindre l&#8217;ocasi\u00f3 de visitar les instal\u00b7lacions de l&#8217;Oceanogr\u00e0fic de Val\u00e8ncia. En&hellip;&nbsp;<a href=\"https:\/\/www.iescarlessalvador.es\/?p=2629\" class=\"\" rel=\"bookmark\">Leer m\u00e1s &raquo;<span class=\"screen-reader-text\">Visita guiada a l&#8217;Oceanogr\u00e0fic de Val\u00e8ncia i participaci\u00f3 en una solta de tortugues marines.<\/span><\/a><\/p>\n","protected":false},"author":1,"featured_media":2631,"comment_status":"closed","ping_status":"closed","sticky":false,"template":"","format":"standard","meta":{"rop_custom_images_group":[],"rop_custom_messages_group":[],"rop_publish_now":"initial","rop_publish_now_accounts":[],"rop_publish_now_history":[],"rop_publish_now_status":"pending","neve_meta_sidebar":"","neve_meta_container":"","neve_meta_enable_content_width":"off","neve_meta_content_width":0,"neve_meta_title_alignment":"","neve_meta_author_avatar":"","neve_post_elements_order":"","neve_meta_disable_header":"","neve_meta_disable_footer":"","neve_meta_disable_title":"","footnotes":""},"categories":[13],"tags":[],"class_list":["post-2629","post","type-post","status-publish","format-standard","has-post-thumbnail","hentry","category-sin-categoria-ca"],"_links":{"self":[{"href":"https:\/\/www.iescarlessalvador.es\/index.php?rest_route=\/wp\/v2\/posts\/2629","targetHints":{"allow":["GET"]}}],"collection":[{"href":"https:\/\/www.iescarlessalvador.es\/index.php?rest_route=\/wp\/v2\/posts"}],"about":[{"href":"https:\/\/www.iescarlessalvador.es\/index.php?rest_route=\/wp\/v2\/types\/post"}],"author":[{"embeddable":true,"href":"https:\/\/www.iescarlessalvador.es\/index.php?rest_route=\/wp\/v2\/users\/1"}],"replies":[{"embeddable":true,"href":"https:\/\/www.iescarlessalvador.es\/index.php?rest_route=%2Fwp%2Fv2%2Fcomments&post=2629"}],"version-history":[{"count":2,"href":"https:\/\/www.iescarlessalvador.es\/index.php?rest_route=\/wp\/v2\/posts\/2629\/revisions"}],"predecessor-version":[{"id":2841,"href":"https:\/\/www.iescarlessalvador.es\/index.php?rest_route=\/wp\/v2\/posts\/2629\/revisions\/2841"}],"wp:featuredmedia":[{"embeddable":true,"href":"https:\/\/www.iescarlessalvador.es\/index.php?rest_route=\/wp\/v2\/media\/2631"}],"wp:attachment":[{"href":"https:\/\/www.iescarlessalvador.es\/index.php?rest_route=%2Fwp%2Fv2%2Fmedia&parent=2629"}],"wp:term":[{"taxonomy":"category","embeddable":true,"href":"https:\/\/www.iescarlessalvador.es\/index.php?rest_route=%2Fwp%2Fv2%2Fcategories&post=2629"},{"taxonomy":"post_tag","embeddable":true,"href":"https:\/\/www.iescarlessalvador.es\/index.php?rest_route=%2Fwp%2Fv2%2Ftags&post=2629"}],"curies":[{"name":"wp","href":"https:\/\/api.w.org\/{rel}","templated":true}]}}