{"id":2637,"date":"2022-02-15T15:00:13","date_gmt":"2022-02-15T15:00:13","guid":{"rendered":"http:\/\/www.iescarlessalvador.es\/?p=2637"},"modified":"2022-05-21T06:06:19","modified_gmt":"2022-05-21T06:06:19","slug":"visita-guiada-al-oceanografic-de-valencia-y-participacion-en-una-suelta-de-tortugas-marinas-al-mar","status":"publish","type":"post","link":"https:\/\/www.iescarlessalvador.es\/?p=2637&lang=es","title":{"rendered":"Visita guiada al Oceanogr\u00e0fic de Val\u00e8ncia y participaci\u00f3n en una suelta de tortugas marinas."},"content":{"rendered":"\n<p>El viernes 11 de Febrero de 2022, y con motivo del D\u00eda Internacional de la Mujer y la Ni\u00f1a en la Ciencia, el grupo de 1\u00ba de Bachillerato Cient\u00edfico, acompa\u00f1ado por Luc\u00eda Botella y Fco Javier Vel\u00e1zquez, del Departamento de Biolog\u00eda y Geolog\u00eda, tuvieron la ocasi\u00f3n de visitar las instalaciones del Oceanogr\u00e0fic de Val\u00e8ncia.<\/p>\n\n\n\n<figure class=\"wp-block-image size-full\"><img fetchpriority=\"high\" decoding=\"async\" width=\"730\" height=\"548\" src=\"https:\/\/www.iescarlessalvador.es\/wp-content\/uploads\/2022\/02\/08D7698DDC00479BA423052E1EC57FBC.jpg\" alt=\"\" class=\"wp-image-2631\" srcset=\"https:\/\/www.iescarlessalvador.es\/wp-content\/uploads\/2022\/02\/08D7698DDC00479BA423052E1EC57FBC.jpg 730w, https:\/\/www.iescarlessalvador.es\/wp-content\/uploads\/2022\/02\/08D7698DDC00479BA423052E1EC57FBC-300x225.jpg 300w\" sizes=\"(max-width: 730px) 100vw, 730px\" \/><\/figure>\n\n\n\n<p>En esa visita, 3 investigadoras que trabajan all\u00ed, entre ellas, la responsable de Divulgaci\u00f3n, Alicia Borque, mostraron al grupo c\u00f3mo realizan su trabajo habitualmente en las instalaciones del complejo, y el alumnado tuvo oportunidad de conocer c\u00f3mo se ayuda a la reproducci\u00f3n de tiburones, as\u00ed como la investigaci\u00f3n en grandes cet\u00e1ceos marinos, como la beluga, u otros como los delfines mulares, que mostraron el entrenamiento que siguen para precisamente servir de ayuda a la hora de estudiar a \u00e9stos y otros mam\u00edferos marinos que viven en libertad.<\/p>\n\n\n\n<div class=\"wp-block-image\"><figure class=\"aligncenter size-full\"><img decoding=\"async\" width=\"730\" height=\"548\" src=\"https:\/\/www.iescarlessalvador.es\/wp-content\/uploads\/2022\/02\/522030DD714B47869E8A41803FE8314D.jpg\" alt=\"\" class=\"wp-image-2633\" srcset=\"https:\/\/www.iescarlessalvador.es\/wp-content\/uploads\/2022\/02\/522030DD714B47869E8A41803FE8314D.jpg 730w, https:\/\/www.iescarlessalvador.es\/wp-content\/uploads\/2022\/02\/522030DD714B47869E8A41803FE8314D-300x225.jpg 300w\" sizes=\"(max-width: 730px) 100vw, 730px\" \/><\/figure><\/div>\n\n\n\n<p>Posteriormente a la visita al Oceanogr\u00e0fic, el grupo se dirigi\u00f3 a la playa de El Saler para ser part\u00edcipes de la suelta de dos tortugas bobas que hab\u00edan sido capturadas accidentalmente por pescadores en Benicarl\u00f3, y que hab\u00edan sido revisadas por los veterinarios del complejo para determinar si ten\u00edan alg\u00fan problema f\u00edsico o fisiol\u00f3gico, tras lo cual ya pod\u00edan volver al mar.<\/p>\n\n\n\n<div class=\"wp-block-image\"><figure class=\"aligncenter size-full\"><img decoding=\"async\" width=\"730\" height=\"548\" src=\"https:\/\/www.iescarlessalvador.es\/wp-content\/uploads\/2022\/02\/93DB1C399C654E53BD5CA39EFB81EC4E.jpg\" alt=\"\" class=\"wp-image-2632\" srcset=\"https:\/\/www.iescarlessalvador.es\/wp-content\/uploads\/2022\/02\/93DB1C399C654E53BD5CA39EFB81EC4E.jpg 730w, https:\/\/www.iescarlessalvador.es\/wp-content\/uploads\/2022\/02\/93DB1C399C654E53BD5CA39EFB81EC4E-300x225.jpg 300w\" sizes=\"(max-width: 730px) 100vw, 730px\" \/><\/figure><\/div>\n\n\n\n<p>Las responsables de la actividad dieron la oportunidad al grupo de alumnas y alumnos de \u00abbautizar\u00bb con un nombre a la tortuga que nos correspond\u00eda, y finalmente recibi\u00f3 el nombre de \u00abRosalind\u00bb, en honor a la denostada Rosalind Franklin, quien puso la base para el descubrimiento de la arquitectura qu\u00edmica del ADN.<\/p>\n\n\n\n<div class=\"wp-block-image\"><figure class=\"aligncenter size-full\"><img loading=\"lazy\" decoding=\"async\" width=\"549\" height=\"731\" src=\"https:\/\/www.iescarlessalvador.es\/wp-content\/uploads\/2022\/02\/04F467A02C224335A80D1BE1E58996BF.jpg\" alt=\"\" class=\"wp-image-2635\" srcset=\"https:\/\/www.iescarlessalvador.es\/wp-content\/uploads\/2022\/02\/04F467A02C224335A80D1BE1E58996BF.jpg 549w, https:\/\/www.iescarlessalvador.es\/wp-content\/uploads\/2022\/02\/04F467A02C224335A80D1BE1E58996BF-225x300.jpg 225w\" sizes=\"(max-width: 549px) 100vw, 549px\" \/><\/figure><\/div>\n\n\n\n<p>Desde aqu\u00ed damos una sincera felicitaci\u00f3n y un gran agradecimiento a Alicia, Marta y Tamara, as\u00ed como a l@s voluntari@s de la Fundaci\u00f3n del Oceanogr\u00e0fic que nos acompa\u00f1aron en todo momento, por el inter\u00e9s mostrado antes y durante el desarrollo de la actividad.\u00bb<\/p>\n\n\n\n<figure class=\"wp-block-image size-large\"><img loading=\"lazy\" decoding=\"async\" width=\"1024\" height=\"724\" src=\"https:\/\/www.iescarlessalvador.es\/wp-content\/uploads\/2022\/05\/patrulla_marina-1024x724.jpg\" alt=\"\" class=\"wp-image-2839\" srcset=\"https:\/\/www.iescarlessalvador.es\/wp-content\/uploads\/2022\/05\/patrulla_marina-1024x724.jpg 1024w, https:\/\/www.iescarlessalvador.es\/wp-content\/uploads\/2022\/05\/patrulla_marina-300x212.jpg 300w, https:\/\/www.iescarlessalvador.es\/wp-content\/uploads\/2022\/05\/patrulla_marina-768x543.jpg 768w, https:\/\/www.iescarlessalvador.es\/wp-content\/uploads\/2022\/05\/patrulla_marina-1536x1086.jpg 1536w, https:\/\/www.iescarlessalvador.es\/wp-content\/uploads\/2022\/05\/patrulla_marina-2048x1448.jpg 2048w\" sizes=\"(max-width: 1024px) 100vw, 1024px\" \/><\/figure>\n","protected":false},"excerpt":{"rendered":"<p>El viernes 11 de Febrero de 2022, y con motivo del D\u00eda Internacional de la Mujer y la Ni\u00f1a en la Ciencia, el grupo de 1\u00ba de Bachillerato Cient\u00edfico, acompa\u00f1ado por Luc\u00eda Botella y Fco Javier Vel\u00e1zquez, del Departamento de Biolog\u00eda y Geolog\u00eda, tuvieron la ocasi\u00f3n de visitar las instalaciones del Oceanogr\u00e0fic de Val\u00e8ncia. En&hellip;&nbsp;<a href=\"https:\/\/www.iescarlessalvador.es\/?p=2637&#038;lang=es\" class=\"\" rel=\"bookmark\">Leer m\u00e1s &raquo;<span class=\"screen-reader-text\">Visita guiada al Oceanogr\u00e0fic de Val\u00e8ncia y participaci\u00f3n en una suelta de tortugas marinas.<\/span><\/a><\/p>\n","protected":false},"author":1,"featured_media":2631,"comment_status":"closed","ping_status":"closed","sticky":false,"template":"","format":"standard","meta":{"rop_custom_images_group":[],"rop_custom_messages_group":[],"rop_publish_now":"initial","rop_publish_now_accounts":[],"rop_publish_now_history":[],"rop_publish_now_status":"pending","neve_meta_sidebar":"","neve_meta_container":"","neve_meta_enable_content_width":"off","neve_meta_content_width":0,"neve_meta_title_alignment":"","neve_meta_author_avatar":"","neve_post_elements_order":"","neve_meta_disable_header":"","neve_meta_disable_footer":"","neve_meta_disable_title":"","footnotes":""},"categories":[34],"tags":[],"class_list":["post-2637","post","type-post","status-publish","format-standard","has-post-thumbnail","hentry","category-noticias"],"_links":{"self":[{"href":"https:\/\/www.iescarlessalvador.es\/index.php?rest_route=\/wp\/v2\/posts\/2637","targetHints":{"allow":["GET"]}}],"collection":[{"href":"https:\/\/www.iescarlessalvador.es\/index.php?rest_route=\/wp\/v2\/posts"}],"about":[{"href":"https:\/\/www.iescarlessalvador.es\/index.php?rest_route=\/wp\/v2\/types\/post"}],"author":[{"embeddable":true,"href":"https:\/\/www.iescarlessalvador.es\/index.php?rest_route=\/wp\/v2\/users\/1"}],"replies":[{"embeddable":true,"href":"https:\/\/www.iescarlessalvador.es\/index.php?rest_route=%2Fwp%2Fv2%2Fcomments&post=2637"}],"version-history":[{"count":3,"href":"https:\/\/www.iescarlessalvador.es\/index.php?rest_route=\/wp\/v2\/posts\/2637\/revisions"}],"predecessor-version":[{"id":2840,"href":"https:\/\/www.iescarlessalvador.es\/index.php?rest_route=\/wp\/v2\/posts\/2637\/revisions\/2840"}],"wp:featuredmedia":[{"embeddable":true,"href":"https:\/\/www.iescarlessalvador.es\/index.php?rest_route=\/wp\/v2\/media\/2631"}],"wp:attachment":[{"href":"https:\/\/www.iescarlessalvador.es\/index.php?rest_route=%2Fwp%2Fv2%2Fmedia&parent=2637"}],"wp:term":[{"taxonomy":"category","embeddable":true,"href":"https:\/\/www.iescarlessalvador.es\/index.php?rest_route=%2Fwp%2Fv2%2Fcategories&post=2637"},{"taxonomy":"post_tag","embeddable":true,"href":"https:\/\/www.iescarlessalvador.es\/index.php?rest_route=%2Fwp%2Fv2%2Ftags&post=2637"}],"curies":[{"name":"wp","href":"https:\/\/api.w.org\/{rel}","templated":true}]}}