{"id":2640,"date":"2022-02-15T15:09:34","date_gmt":"2022-02-15T15:09:34","guid":{"rendered":"http:\/\/www.iescarlessalvador.es\/?p=2640"},"modified":"2022-02-15T15:12:47","modified_gmt":"2022-02-15T15:12:47","slug":"dia-internacional-de-la-dona-i-la-xiqueta-en-la-ciencia","status":"publish","type":"post","link":"https:\/\/www.iescarlessalvador.es\/?p=2640","title":{"rendered":"Dia Internacional de la Dona i la Xiqueta en la Ci\u00e8ncia"},"content":{"rendered":"\n<p>Des de 2015 se celebra el \u2018Dia Internacional de la Dona i la Xiqueta en la Ci\u00e8ncia\u2019 amb la finalitat de promoure la plena participaci\u00f3, protagonisme i condicions d&#8217;igualtat de les dones i xiquetes en l&#8217;educaci\u00f3, coneixement, processos d&#8217;adopci\u00f3 de decisions i desenvolupament professional en la ci\u00e8ncia, aix\u00ed com contribuir a inspirar la vocaci\u00f3 cient\u00edfica en les xiquetes. Aquesta celebraci\u00f3 forma part tamb\u00e9 de l&#8217;Objectiu 5 de l&#8217;Agenda 2030 per a un Desenvolupament Sostenible de Nacions Unides, que promou la \u2018Igualtat de g\u00e8nere\u2019 i es commemora cada 11 de febrer.<\/p>\n\n\n\n<p>Contribuir a la igualtat i equitat de g\u00e8nere implica, entre moltes altres mesures, visibilitzar i posar en valor els assoliments d&#8217;aquelles dones que van investigar, van escriure, van crear o van aportar importants millores o canvis a la nostra societat a trav\u00e9s de diferents disciplines i \u00e0mbits professionals o acad\u00e8mics. Per aix\u00f2, un grup d&#8217;alumnat de l&#8217;IES Carles Salvador d&#8217;Aldaia, de l&#8217;Horta Oest de Val\u00e8ncia, ha volgut sumar-se a la commemoraci\u00f3 d&#8217;aquest dia i reivindicar els noms, vida, treball i hist\u00f2ria d&#8217;algunes d&#8217;aquestes dones, tan importants com desconegudes, que van marcar el curs de la ci\u00e8ncia.<\/p>\n\n\n\n<p>Donant veu a les quals un dia van ser silenciades<\/p>\n\n\n\n<p>M\u00e9s informaci\u00f3 al web de FARMAMUNDI: <\/p>\n\n\n\n<figure class=\"wp-block-embed is-type-wp-embed is-provider-farmamundi wp-block-embed-farmamundi\"><div class=\"wp-block-embed__wrapper\">\n<blockquote class=\"wp-embedded-content\" data-secret=\"N4UsvhdY1O\"><a href=\"https:\/\/farmaceuticosmundi.org\/11f-mujeryciencia\/\">Valencia| Estudiantes visibilizan la vida y obra de mujeres en la ciencia<\/a><\/blockquote><iframe class=\"wp-embedded-content\" sandbox=\"allow-scripts\" security=\"restricted\" style=\"position: absolute; clip: rect(1px, 1px, 1px, 1px);\" title=\"&#171;Valencia| Estudiantes visibilizan la vida y obra de mujeres en la ciencia&#187; &#8212; Farmamundi\" src=\"https:\/\/farmaceuticosmundi.org\/11f-mujeryciencia\/embed\/#?secret=N4UsvhdY1O\" data-secret=\"N4UsvhdY1O\" width=\"600\" height=\"338\" frameborder=\"0\" marginwidth=\"0\" marginheight=\"0\" scrolling=\"no\"><\/iframe>\n<\/div><\/figure>\n","protected":false},"excerpt":{"rendered":"<p>Des de 2015 se celebra el \u2018Dia Internacional de la Dona i la Xiqueta en la Ci\u00e8ncia\u2019 amb la finalitat de promoure la plena participaci\u00f3, protagonisme i condicions d&#8217;igualtat de les dones i xiquetes en l&#8217;educaci\u00f3, coneixement, processos d&#8217;adopci\u00f3 de decisions i desenvolupament professional en la ci\u00e8ncia, aix\u00ed com contribuir a inspirar la vocaci\u00f3 cient\u00edfica&hellip;&nbsp;<a href=\"https:\/\/www.iescarlessalvador.es\/?p=2640\" class=\"\" rel=\"bookmark\">Leer m\u00e1s &raquo;<span class=\"screen-reader-text\">Dia Internacional de la Dona i la Xiqueta en la Ci\u00e8ncia<\/span><\/a><\/p>\n","protected":false},"author":1,"featured_media":2641,"comment_status":"closed","ping_status":"closed","sticky":false,"template":"","format":"standard","meta":{"rop_custom_images_group":[],"rop_custom_messages_group":[],"rop_publish_now":"initial","rop_publish_now_accounts":[],"rop_publish_now_history":[],"rop_publish_now_status":"pending","neve_meta_sidebar":"","neve_meta_container":"","neve_meta_enable_content_width":"off","neve_meta_content_width":0,"neve_meta_title_alignment":"","neve_meta_author_avatar":"","neve_post_elements_order":"","neve_meta_disable_header":"","neve_meta_disable_footer":"","neve_meta_disable_title":"","footnotes":""},"categories":[13],"tags":[],"class_list":["post-2640","post","type-post","status-publish","format-standard","has-post-thumbnail","hentry","category-sin-categoria-ca"],"_links":{"self":[{"href":"https:\/\/www.iescarlessalvador.es\/index.php?rest_route=\/wp\/v2\/posts\/2640","targetHints":{"allow":["GET"]}}],"collection":[{"href":"https:\/\/www.iescarlessalvador.es\/index.php?rest_route=\/wp\/v2\/posts"}],"about":[{"href":"https:\/\/www.iescarlessalvador.es\/index.php?rest_route=\/wp\/v2\/types\/post"}],"author":[{"embeddable":true,"href":"https:\/\/www.iescarlessalvador.es\/index.php?rest_route=\/wp\/v2\/users\/1"}],"replies":[{"embeddable":true,"href":"https:\/\/www.iescarlessalvador.es\/index.php?rest_route=%2Fwp%2Fv2%2Fcomments&post=2640"}],"version-history":[{"count":2,"href":"https:\/\/www.iescarlessalvador.es\/index.php?rest_route=\/wp\/v2\/posts\/2640\/revisions"}],"predecessor-version":[{"id":2645,"href":"https:\/\/www.iescarlessalvador.es\/index.php?rest_route=\/wp\/v2\/posts\/2640\/revisions\/2645"}],"wp:featuredmedia":[{"embeddable":true,"href":"https:\/\/www.iescarlessalvador.es\/index.php?rest_route=\/wp\/v2\/media\/2641"}],"wp:attachment":[{"href":"https:\/\/www.iescarlessalvador.es\/index.php?rest_route=%2Fwp%2Fv2%2Fmedia&parent=2640"}],"wp:term":[{"taxonomy":"category","embeddable":true,"href":"https:\/\/www.iescarlessalvador.es\/index.php?rest_route=%2Fwp%2Fv2%2Fcategories&post=2640"},{"taxonomy":"post_tag","embeddable":true,"href":"https:\/\/www.iescarlessalvador.es\/index.php?rest_route=%2Fwp%2Fv2%2Ftags&post=2640"}],"curies":[{"name":"wp","href":"https:\/\/api.w.org\/{rel}","templated":true}]}}