{"id":2650,"date":"2025-05-07T19:44:48","date_gmt":"2025-05-07T19:44:48","guid":{"rendered":"http:\/\/www.iescarlessalvador.es\/?p=2650"},"modified":"2025-05-07T19:44:50","modified_gmt":"2025-05-07T19:44:50","slug":"curso-manipulador-de-alimentos","status":"publish","type":"post","link":"https:\/\/www.iescarlessalvador.es\/?p=2650&lang=es","title":{"rendered":"Curso Manipulador de alimentos"},"content":{"rendered":"\n<p>El curso se realizar\u00e1 el pr\u00f3ximo <strong>lunes 12 de mayo de 2025<\/strong>, en el sal\u00f3n de actos del centro, en horario de\u00a0<strong>15:00 a 18:00 horas.<\/strong><\/p>\n\n\n\n<p>Como en  a\u00f1os anteriores, la empresa icsam ofrece la posibilidad de obtener el carnet de manipulador de alimentos, mediante una sesi\u00f3n formativa.<\/p>\n\n\n\n<p>Pod\u00e9is ampliar la informaci\u00f3n en el siguiente enlace:<\/p>\n\n\n\n<figure class=\"wp-block-image size-full\"><img fetchpriority=\"high\" decoding=\"async\" width=\"595\" height=\"842\" src=\"https:\/\/www.iescarlessalvador.es\/wp-content\/uploads\/2025\/05\/cartell_defg3.png\" alt=\"\" class=\"wp-image-5656\" srcset=\"https:\/\/www.iescarlessalvador.es\/wp-content\/uploads\/2025\/05\/cartell_defg3.png 595w, https:\/\/www.iescarlessalvador.es\/wp-content\/uploads\/2025\/05\/cartell_defg3-212x300.png 212w\" sizes=\"(max-width: 595px) 100vw, 595px\" \/><\/figure>\n","protected":false},"excerpt":{"rendered":"<p>El curso se realizar\u00e1 el pr\u00f3ximo lunes 12 de mayo de 2025, en el sal\u00f3n de actos del centro, en horario de\u00a015:00 a 18:00 horas. Como en a\u00f1os anteriores, la empresa icsam ofrece la posibilidad de obtener el carnet de manipulador de alimentos, mediante una sesi\u00f3n formativa. Pod\u00e9is ampliar la informaci\u00f3n en el siguiente enlace:<\/p>\n","protected":false},"author":1,"featured_media":5656,"comment_status":"closed","ping_status":"closed","sticky":false,"template":"","format":"standard","meta":{"rop_custom_images_group":[],"rop_custom_messages_group":[],"rop_publish_now":"initial","rop_publish_now_accounts":[],"rop_publish_now_history":[],"rop_publish_now_status":"pending","neve_meta_sidebar":"","neve_meta_container":"","neve_meta_enable_content_width":"off","neve_meta_content_width":0,"neve_meta_title_alignment":"","neve_meta_author_avatar":"","neve_post_elements_order":"","neve_meta_disable_header":"","neve_meta_disable_footer":"","neve_meta_disable_title":"","footnotes":""},"categories":[34],"tags":[],"class_list":["post-2650","post","type-post","status-publish","format-standard","has-post-thumbnail","hentry","category-noticias"],"_links":{"self":[{"href":"https:\/\/www.iescarlessalvador.es\/index.php?rest_route=\/wp\/v2\/posts\/2650","targetHints":{"allow":["GET"]}}],"collection":[{"href":"https:\/\/www.iescarlessalvador.es\/index.php?rest_route=\/wp\/v2\/posts"}],"about":[{"href":"https:\/\/www.iescarlessalvador.es\/index.php?rest_route=\/wp\/v2\/types\/post"}],"author":[{"embeddable":true,"href":"https:\/\/www.iescarlessalvador.es\/index.php?rest_route=\/wp\/v2\/users\/1"}],"replies":[{"embeddable":true,"href":"https:\/\/www.iescarlessalvador.es\/index.php?rest_route=%2Fwp%2Fv2%2Fcomments&post=2650"}],"version-history":[{"count":3,"href":"https:\/\/www.iescarlessalvador.es\/index.php?rest_route=\/wp\/v2\/posts\/2650\/revisions"}],"predecessor-version":[{"id":5659,"href":"https:\/\/www.iescarlessalvador.es\/index.php?rest_route=\/wp\/v2\/posts\/2650\/revisions\/5659"}],"wp:featuredmedia":[{"embeddable":true,"href":"https:\/\/www.iescarlessalvador.es\/index.php?rest_route=\/wp\/v2\/media\/5656"}],"wp:attachment":[{"href":"https:\/\/www.iescarlessalvador.es\/index.php?rest_route=%2Fwp%2Fv2%2Fmedia&parent=2650"}],"wp:term":[{"taxonomy":"category","embeddable":true,"href":"https:\/\/www.iescarlessalvador.es\/index.php?rest_route=%2Fwp%2Fv2%2Fcategories&post=2650"},{"taxonomy":"post_tag","embeddable":true,"href":"https:\/\/www.iescarlessalvador.es\/index.php?rest_route=%2Fwp%2Fv2%2Ftags&post=2650"}],"curies":[{"name":"wp","href":"https:\/\/api.w.org\/{rel}","templated":true}]}}