{"id":2652,"date":"2022-02-21T19:31:38","date_gmt":"2022-02-21T19:31:38","guid":{"rendered":"http:\/\/www.iescarlessalvador.es\/?p=2652"},"modified":"2022-02-21T19:32:11","modified_gmt":"2022-02-21T19:32:11","slug":"mercat-solidari-amb-kolobo-etiopia","status":"publish","type":"post","link":"https:\/\/www.iescarlessalvador.es\/?p=2652","title":{"rendered":"Mercat solidari amb Kolobo (eti\u00f2pia)"},"content":{"rendered":"\n<p><em>Estimades fam\u00edlies,<\/em><\/p>\n\n\n\n<p><em>L&#8217;equip d&#8217;alumnat i professorat que pertany al Programa Joves Ambaixadors dels ODS, estem preparant un mercat solidari per a dijous que ve 24 de febrer, a l&#8217;hora del pati. Amb aquest mercat volem recaptar fons per a enviar-los a Kolobo, un poble d&#8217;Eti\u00f2pia.<\/em><\/p>\n\n\n\n<p><em>All\u00ed les dones pateixen una gran discriminaci\u00f3, per la qual cosa la majoria no tenen la possibilitat d&#8217;anar al col\u00b7legi o a l&#8217;institut.<\/em><\/p>\n\n\n\n<p><em>Per aix\u00f2, l&#8217;ONG Abay est\u00e0 duent a terme un projecte, mitjan\u00e7ant el qual permet que actualment 45 xiquetes de Kolobo puguen viure en una resid\u00e8ncia i accedir a l&#8217;institut durant 2 anys. Amb els fons que recaptem volem col\u00b7laborar en l&#8217;acc\u00e9s a l&#8217;educaci\u00f3 d&#8217;aquestes xiquetes.<\/em><\/p>\n\n\n\n<p><em>En el mercat vendrem objectes, de fusta, bosses, nines, etc., des de 0.5 \u20ac, que han realitzat els Ambaixadors del cicle de fusteria, de l&#8217;Escola de Formaci\u00f3 Professional \u00abLa Miseric\u00f2rdia\u00bb.<\/em><\/p>\n\n\n\n<p><em>Esperem que aquest dia puguem aconseguir el nostre objectiu, ja que \u00e9s important posar-nos en el lloc dels altres i ajudar de la manera en qu\u00e8 puguem.<\/em><\/p>\n\n\n\n<p><em>Gr\u00e0cies per la vostra col\u00b7laboraci\u00f3.<\/em><\/p>\n\n\n\n<p><br><\/p>\n","protected":false},"excerpt":{"rendered":"<p>Estimades fam\u00edlies, L&#8217;equip d&#8217;alumnat i professorat que pertany al Programa Joves Ambaixadors dels ODS, estem preparant un mercat solidari per a dijous que ve 24 de febrer, a l&#8217;hora del pati. Amb aquest mercat volem recaptar fons per a enviar-los a Kolobo, un poble d&#8217;Eti\u00f2pia. All\u00ed les dones pateixen una gran discriminaci\u00f3, per la qual&hellip;&nbsp;<a href=\"https:\/\/www.iescarlessalvador.es\/?p=2652\" class=\"\" rel=\"bookmark\">Leer m\u00e1s &raquo;<span class=\"screen-reader-text\">Mercat solidari amb Kolobo (eti\u00f2pia)<\/span><\/a><\/p>\n","protected":false},"author":1,"featured_media":0,"comment_status":"closed","ping_status":"closed","sticky":false,"template":"","format":"standard","meta":{"rop_custom_images_group":[],"rop_custom_messages_group":[],"rop_publish_now":"initial","rop_publish_now_accounts":[],"rop_publish_now_history":[],"rop_publish_now_status":"pending","neve_meta_sidebar":"","neve_meta_container":"","neve_meta_enable_content_width":"off","neve_meta_content_width":0,"neve_meta_title_alignment":"","neve_meta_author_avatar":"","neve_post_elements_order":"","neve_meta_disable_header":"","neve_meta_disable_footer":"","neve_meta_disable_title":"","footnotes":""},"categories":[13],"tags":[],"class_list":["post-2652","post","type-post","status-publish","format-standard","hentry","category-sin-categoria-ca"],"_links":{"self":[{"href":"https:\/\/www.iescarlessalvador.es\/index.php?rest_route=\/wp\/v2\/posts\/2652","targetHints":{"allow":["GET"]}}],"collection":[{"href":"https:\/\/www.iescarlessalvador.es\/index.php?rest_route=\/wp\/v2\/posts"}],"about":[{"href":"https:\/\/www.iescarlessalvador.es\/index.php?rest_route=\/wp\/v2\/types\/post"}],"author":[{"embeddable":true,"href":"https:\/\/www.iescarlessalvador.es\/index.php?rest_route=\/wp\/v2\/users\/1"}],"replies":[{"embeddable":true,"href":"https:\/\/www.iescarlessalvador.es\/index.php?rest_route=%2Fwp%2Fv2%2Fcomments&post=2652"}],"version-history":[{"count":1,"href":"https:\/\/www.iescarlessalvador.es\/index.php?rest_route=\/wp\/v2\/posts\/2652\/revisions"}],"predecessor-version":[{"id":2653,"href":"https:\/\/www.iescarlessalvador.es\/index.php?rest_route=\/wp\/v2\/posts\/2652\/revisions\/2653"}],"wp:attachment":[{"href":"https:\/\/www.iescarlessalvador.es\/index.php?rest_route=%2Fwp%2Fv2%2Fmedia&parent=2652"}],"wp:term":[{"taxonomy":"category","embeddable":true,"href":"https:\/\/www.iescarlessalvador.es\/index.php?rest_route=%2Fwp%2Fv2%2Fcategories&post=2652"},{"taxonomy":"post_tag","embeddable":true,"href":"https:\/\/www.iescarlessalvador.es\/index.php?rest_route=%2Fwp%2Fv2%2Ftags&post=2652"}],"curies":[{"name":"wp","href":"https:\/\/api.w.org\/{rel}","templated":true}]}}