{"id":2654,"date":"2022-02-21T19:33:08","date_gmt":"2022-02-21T19:33:08","guid":{"rendered":"http:\/\/www.iescarlessalvador.es\/?p=2654"},"modified":"2022-02-21T19:33:10","modified_gmt":"2022-02-21T19:33:10","slug":"mercado-solidario-con-kolobo-etiopia","status":"publish","type":"post","link":"https:\/\/www.iescarlessalvador.es\/?p=2654&lang=es","title":{"rendered":"Mercado solidario con Kolobo (Etiop\u00eda)"},"content":{"rendered":"\n<p>Estimadas familias,<br><br>El equipo de alumnado y profesorado que pertenece al Programa J\u00f3venes Embajadores de los ODS, estamos\u00a0 preparando un mercadillo solidario para el pr\u00f3ximo jueves 24 de febrero, a la hora del patio. Con este mercadillo queremos recaudar fondos para enviarlos a Kolobo, un pueblo de Etiop\u00eda.<br><br>All\u00ed las mujeres sufren una gran discriminaci\u00f3n, por lo que la mayor\u00eda no tienen la posibilidad de ir al colegio o al instituto.<br><br>Por ello, la ONG Abay est\u00e1 llevando a cabo un proyecto, mediante el cual permite que actualmente 45 ni\u00f1as de Kolobo puedan vivir en una residencia y acceder al instituto durante 2 a\u00f1os. Con los fondos que recaudemos queremos colaborar en el acceso a la educaci\u00f3n de estas ni\u00f1as.<br><br>En el mercadillo vamos a vender\u00a0 objetos, de madera, bolsos, mu\u00f1ecas, etc., desde 0.5 \u20ac, que han realizado los Embajadores del ciclo de carpinter\u00eda, de la Escuela de Formaci\u00f3n Profesional\u00a0 \u00abLa Misericordia\u00bb.<br><br>Esperamos que este d\u00eda podamos conseguir nuestro objetivo, ya que es importante ponernos en el lugar de los dem\u00e1s y ayudar de la manera en que podamos.<br><br>Gracias de antemano\u00a0 por vuestra colaboraci\u00f3n.<\/p>\n","protected":false},"excerpt":{"rendered":"<p>Estimadas familias, El equipo de alumnado y profesorado que pertenece al Programa J\u00f3venes Embajadores de los ODS, estamos\u00a0 preparando un mercadillo solidario para el pr\u00f3ximo jueves 24 de febrero, a la hora del patio. Con este mercadillo queremos recaudar fondos para enviarlos a Kolobo, un pueblo de Etiop\u00eda. All\u00ed las mujeres sufren una gran discriminaci\u00f3n,&hellip;&nbsp;<a href=\"https:\/\/www.iescarlessalvador.es\/?p=2654&#038;lang=es\" class=\"\" rel=\"bookmark\">Leer m\u00e1s &raquo;<span class=\"screen-reader-text\">Mercado solidario con Kolobo (Etiop\u00eda)<\/span><\/a><\/p>\n","protected":false},"author":1,"featured_media":0,"comment_status":"closed","ping_status":"closed","sticky":false,"template":"","format":"standard","meta":{"rop_custom_images_group":[],"rop_custom_messages_group":[],"rop_publish_now":"initial","rop_publish_now_accounts":[],"rop_publish_now_history":[],"rop_publish_now_status":"pending","neve_meta_sidebar":"","neve_meta_container":"","neve_meta_enable_content_width":"off","neve_meta_content_width":0,"neve_meta_title_alignment":"","neve_meta_author_avatar":"","neve_post_elements_order":"","neve_meta_disable_header":"","neve_meta_disable_footer":"","neve_meta_disable_title":"","footnotes":""},"categories":[34],"tags":[],"class_list":["post-2654","post","type-post","status-publish","format-standard","hentry","category-noticias"],"_links":{"self":[{"href":"https:\/\/www.iescarlessalvador.es\/index.php?rest_route=\/wp\/v2\/posts\/2654","targetHints":{"allow":["GET"]}}],"collection":[{"href":"https:\/\/www.iescarlessalvador.es\/index.php?rest_route=\/wp\/v2\/posts"}],"about":[{"href":"https:\/\/www.iescarlessalvador.es\/index.php?rest_route=\/wp\/v2\/types\/post"}],"author":[{"embeddable":true,"href":"https:\/\/www.iescarlessalvador.es\/index.php?rest_route=\/wp\/v2\/users\/1"}],"replies":[{"embeddable":true,"href":"https:\/\/www.iescarlessalvador.es\/index.php?rest_route=%2Fwp%2Fv2%2Fcomments&post=2654"}],"version-history":[{"count":1,"href":"https:\/\/www.iescarlessalvador.es\/index.php?rest_route=\/wp\/v2\/posts\/2654\/revisions"}],"predecessor-version":[{"id":2655,"href":"https:\/\/www.iescarlessalvador.es\/index.php?rest_route=\/wp\/v2\/posts\/2654\/revisions\/2655"}],"wp:attachment":[{"href":"https:\/\/www.iescarlessalvador.es\/index.php?rest_route=%2Fwp%2Fv2%2Fmedia&parent=2654"}],"wp:term":[{"taxonomy":"category","embeddable":true,"href":"https:\/\/www.iescarlessalvador.es\/index.php?rest_route=%2Fwp%2Fv2%2Fcategories&post=2654"},{"taxonomy":"post_tag","embeddable":true,"href":"https:\/\/www.iescarlessalvador.es\/index.php?rest_route=%2Fwp%2Fv2%2Ftags&post=2654"}],"curies":[{"name":"wp","href":"https:\/\/api.w.org\/{rel}","templated":true}]}}