{"id":2657,"date":"2022-03-03T21:25:24","date_gmt":"2022-03-03T21:25:24","guid":{"rendered":"http:\/\/www.iescarlessalvador.es\/?p=2657"},"modified":"2022-03-03T21:25:26","modified_gmt":"2022-03-03T21:25:26","slug":"mercadet-solidari","status":"publish","type":"post","link":"https:\/\/www.iescarlessalvador.es\/?p=2657","title":{"rendered":"MERCADET SOLIDARI"},"content":{"rendered":"\n<p><\/p>\n\n\n\n<p>Dijous passat, dia 24 de Febrer, l&#8217;equip del programa dels Joves Ambaixadors i Ambaixadores dels ODS va organitzar un mercadet solidari, amb l&#8217;objectiu de recaptar fons per a enviar-los a Kolobo, un poble d&#8217;Eti\u00f2pia.<\/p>\n\n\n\n<p>All\u00ed, les dones pateixen una gran discriminaci\u00f3, per la qual cosa la majoria d&#8217;elles no tenen la possibilitat d&#8217;anar al col\u00b7legi o a l&#8217;institut i educar-se com elles voldrien.<\/p>\n\n\n\n<div class=\"wp-block-image\"><figure class=\"aligncenter size-large\"><img fetchpriority=\"high\" decoding=\"async\" width=\"768\" height=\"1024\" src=\"https:\/\/www.iescarlessalvador.es\/wp-content\/uploads\/2022\/03\/IMG-20220228-WA0022-768x1024.jpg\" alt=\"\" class=\"wp-image-2662\" srcset=\"https:\/\/www.iescarlessalvador.es\/wp-content\/uploads\/2022\/03\/IMG-20220228-WA0022-768x1024.jpg 768w, https:\/\/www.iescarlessalvador.es\/wp-content\/uploads\/2022\/03\/IMG-20220228-WA0022-225x300.jpg 225w, https:\/\/www.iescarlessalvador.es\/wp-content\/uploads\/2022\/03\/IMG-20220228-WA0022.jpg 1062w\" sizes=\"(max-width: 768px) 100vw, 768px\" \/><\/figure><\/div>\n\n\n\n<p>Per aix\u00f2, l&#8217;ONG Abay est\u00e0 duent a terme un projecte, mitjan\u00e7ant el qual permet que actualment 45 xiquetes de Kolobo puguen viure en una resid\u00e8ncia i accedir a l&#8217;institut durant 2 anys. Amb els fons recaptats se&#8217;ls podr\u00e0 ajudar per a tindre acc\u00e9s a l&#8217;educaci\u00f3 d&#8217;aquestes.<\/p>\n\n\n\n<div class=\"wp-block-image\"><figure class=\"aligncenter size-large\"><img decoding=\"async\" width=\"1024\" height=\"768\" src=\"https:\/\/www.iescarlessalvador.es\/wp-content\/uploads\/2022\/03\/IMG-20220228-WA0021-1024x768.jpg\" alt=\"\" class=\"wp-image-2661\" srcset=\"https:\/\/www.iescarlessalvador.es\/wp-content\/uploads\/2022\/03\/IMG-20220228-WA0021-1024x768.jpg 1024w, https:\/\/www.iescarlessalvador.es\/wp-content\/uploads\/2022\/03\/IMG-20220228-WA0021-300x225.jpg 300w, https:\/\/www.iescarlessalvador.es\/wp-content\/uploads\/2022\/03\/IMG-20220228-WA0021-768x576.jpg 768w, https:\/\/www.iescarlessalvador.es\/wp-content\/uploads\/2022\/03\/IMG-20220228-WA0021-1536x1152.jpg 1536w, https:\/\/www.iescarlessalvador.es\/wp-content\/uploads\/2022\/03\/IMG-20220228-WA0021.jpg 2048w\" sizes=\"(max-width: 1024px) 100vw, 1024px\" \/><\/figure><\/div>\n\n\n\n<p>En el mercadet es van vendre diversos tipus d&#8217;articles, tots fets a m\u00e0, des d&#8217;aquells fets de fusta (realitzats per Ambaixadors del Cicle de Fusteria de l&#8217;Escola de Formaci\u00f3 Professional \u201cLa Miseric\u00f2rdia\u201d, a Val\u00e8ncia), bosses de tela, nines teixides amb la t\u00e8cnica del \u201ccrox\u00e9 \u201c, etc. Els preus dels articles eren assequibles (des de 0,50\u20ac), perqu\u00e8 la major quantitat de gent poguera col\u00b7laborar.<\/p>\n\n\n\n<figure class=\"wp-block-image size-large\"><img decoding=\"async\" width=\"1024\" height=\"768\" src=\"https:\/\/www.iescarlessalvador.es\/wp-content\/uploads\/2022\/03\/IMG-20220228-WA0018-1024x768.jpg\" alt=\"\" class=\"wp-image-2660\" srcset=\"https:\/\/www.iescarlessalvador.es\/wp-content\/uploads\/2022\/03\/IMG-20220228-WA0018-1024x768.jpg 1024w, https:\/\/www.iescarlessalvador.es\/wp-content\/uploads\/2022\/03\/IMG-20220228-WA0018-300x225.jpg 300w, https:\/\/www.iescarlessalvador.es\/wp-content\/uploads\/2022\/03\/IMG-20220228-WA0018-768x576.jpg 768w, https:\/\/www.iescarlessalvador.es\/wp-content\/uploads\/2022\/03\/IMG-20220228-WA0018-1536x1152.jpg 1536w, https:\/\/www.iescarlessalvador.es\/wp-content\/uploads\/2022\/03\/IMG-20220228-WA0018.jpg 1600w\" sizes=\"(max-width: 1024px) 100vw, 1024px\" \/><\/figure>\n\n\n\n<p>L&#8217;acolliment per part de tot el conjunt d&#8217;alumnat, professorat i personal de serveis de l&#8217;institut, va superar les expectatives, i el mercadet va resultar ser un \u00e8xit, per la qual cosa es va poder vendre quasi la totalitat dels articles que es posaven a la venda, amb el que la recaptaci\u00f3 que es va obtindre servir\u00e0 de gran ajuda per a les xiquetes i xiques a les quals anir\u00e0 destinada, per a l&#8217;objectiu que ens hav\u00edem marcat.<\/p>\n\n\n\n<figure class=\"wp-block-image size-large\"><img loading=\"lazy\" decoding=\"async\" width=\"1024\" height=\"768\" src=\"https:\/\/www.iescarlessalvador.es\/wp-content\/uploads\/2022\/03\/IMG-20220303-WA0002-1024x768.jpg\" alt=\"\" class=\"wp-image-2658\" srcset=\"https:\/\/www.iescarlessalvador.es\/wp-content\/uploads\/2022\/03\/IMG-20220303-WA0002-1024x768.jpg 1024w, https:\/\/www.iescarlessalvador.es\/wp-content\/uploads\/2022\/03\/IMG-20220303-WA0002-300x225.jpg 300w, https:\/\/www.iescarlessalvador.es\/wp-content\/uploads\/2022\/03\/IMG-20220303-WA0002-768x576.jpg 768w, https:\/\/www.iescarlessalvador.es\/wp-content\/uploads\/2022\/03\/IMG-20220303-WA0002.jpg 1416w\" sizes=\"(max-width: 1024px) 100vw, 1024px\" \/><\/figure>\n\n\n\n<p>Des d&#8217;ac\u00ed donem les gr\u00e0cies a tots i totes, en nom d\u2019Abay i de les xiquetes que es beneficiaran de les vendes del mercadet solidari.<\/p>\n","protected":false},"excerpt":{"rendered":"<p>Dijous passat, dia 24 de Febrer, l&#8217;equip del programa dels Joves Ambaixadors i Ambaixadores dels ODS va organitzar un mercadet solidari, amb l&#8217;objectiu de recaptar fons per a enviar-los a Kolobo, un poble d&#8217;Eti\u00f2pia. All\u00ed, les dones pateixen una gran discriminaci\u00f3, per la qual cosa la majoria d&#8217;elles no tenen la possibilitat d&#8217;anar al col\u00b7legi&hellip;&nbsp;<a href=\"https:\/\/www.iescarlessalvador.es\/?p=2657\" class=\"\" rel=\"bookmark\">Leer m\u00e1s &raquo;<span class=\"screen-reader-text\">MERCADET SOLIDARI<\/span><\/a><\/p>\n","protected":false},"author":1,"featured_media":2659,"comment_status":"closed","ping_status":"closed","sticky":false,"template":"","format":"standard","meta":{"rop_custom_images_group":[],"rop_custom_messages_group":[],"rop_publish_now":"initial","rop_publish_now_accounts":[],"rop_publish_now_history":[],"rop_publish_now_status":"pending","neve_meta_sidebar":"","neve_meta_container":"","neve_meta_enable_content_width":"off","neve_meta_content_width":0,"neve_meta_title_alignment":"","neve_meta_author_avatar":"","neve_post_elements_order":"","neve_meta_disable_header":"","neve_meta_disable_footer":"","neve_meta_disable_title":"","footnotes":""},"categories":[13],"tags":[],"class_list":["post-2657","post","type-post","status-publish","format-standard","has-post-thumbnail","hentry","category-sin-categoria-ca"],"_links":{"self":[{"href":"https:\/\/www.iescarlessalvador.es\/index.php?rest_route=\/wp\/v2\/posts\/2657","targetHints":{"allow":["GET"]}}],"collection":[{"href":"https:\/\/www.iescarlessalvador.es\/index.php?rest_route=\/wp\/v2\/posts"}],"about":[{"href":"https:\/\/www.iescarlessalvador.es\/index.php?rest_route=\/wp\/v2\/types\/post"}],"author":[{"embeddable":true,"href":"https:\/\/www.iescarlessalvador.es\/index.php?rest_route=\/wp\/v2\/users\/1"}],"replies":[{"embeddable":true,"href":"https:\/\/www.iescarlessalvador.es\/index.php?rest_route=%2Fwp%2Fv2%2Fcomments&post=2657"}],"version-history":[{"count":1,"href":"https:\/\/www.iescarlessalvador.es\/index.php?rest_route=\/wp\/v2\/posts\/2657\/revisions"}],"predecessor-version":[{"id":2663,"href":"https:\/\/www.iescarlessalvador.es\/index.php?rest_route=\/wp\/v2\/posts\/2657\/revisions\/2663"}],"wp:featuredmedia":[{"embeddable":true,"href":"https:\/\/www.iescarlessalvador.es\/index.php?rest_route=\/wp\/v2\/media\/2659"}],"wp:attachment":[{"href":"https:\/\/www.iescarlessalvador.es\/index.php?rest_route=%2Fwp%2Fv2%2Fmedia&parent=2657"}],"wp:term":[{"taxonomy":"category","embeddable":true,"href":"https:\/\/www.iescarlessalvador.es\/index.php?rest_route=%2Fwp%2Fv2%2Fcategories&post=2657"},{"taxonomy":"post_tag","embeddable":true,"href":"https:\/\/www.iescarlessalvador.es\/index.php?rest_route=%2Fwp%2Fv2%2Ftags&post=2657"}],"curies":[{"name":"wp","href":"https:\/\/api.w.org\/{rel}","templated":true}]}}