{"id":2722,"date":"2022-04-05T16:31:15","date_gmt":"2022-04-05T16:31:15","guid":{"rendered":"http:\/\/www.iescarlessalvador.es\/?p=2722"},"modified":"2022-04-05T17:12:14","modified_gmt":"2022-04-05T17:12:14","slug":"admissio-curs-2022-23","status":"publish","type":"post","link":"https:\/\/www.iescarlessalvador.es\/?p=2722","title":{"rendered":"ADMISSI\u00d3 CURS 2022-23"},"content":{"rendered":"\n<p>Publicat el calendari i el proc\u00e9s d&#8217;admissi\u00f3 per al curs escolar 2022-23<\/p>\n\n\n\n<p class=\"has-text-align-center\"><a href=\"https:\/\/www.iescarlessalvador.es\/?page_id=531\">M\u00c9S INFORMACI\u00d3<\/a><\/p>\n\n\n\n<figure class=\"wp-block-image size-large\"><img fetchpriority=\"high\" decoding=\"async\" width=\"1024\" height=\"1000\" src=\"https:\/\/www.iescarlessalvador.es\/wp-content\/uploads\/2022\/04\/calendari_nou_22-23-1024x1000.png\" alt=\"\" class=\"wp-image-2726\" srcset=\"https:\/\/www.iescarlessalvador.es\/wp-content\/uploads\/2022\/04\/calendari_nou_22-23-1024x1000.png 1024w, https:\/\/www.iescarlessalvador.es\/wp-content\/uploads\/2022\/04\/calendari_nou_22-23-300x293.png 300w, https:\/\/www.iescarlessalvador.es\/wp-content\/uploads\/2022\/04\/calendari_nou_22-23-768x750.png 768w, https:\/\/www.iescarlessalvador.es\/wp-content\/uploads\/2022\/04\/calendari_nou_22-23-1536x1500.png 1536w, https:\/\/www.iescarlessalvador.es\/wp-content\/uploads\/2022\/04\/calendari_nou_22-23-2048x2000.png 2048w\" sizes=\"(max-width: 1024px) 100vw, 1024px\" \/><\/figure>\n","protected":false},"excerpt":{"rendered":"<p>Publicat el calendari i el proc\u00e9s d&#8217;admissi\u00f3 per al curs escolar 2022-23 M\u00c9S INFORMACI\u00d3<\/p>\n","protected":false},"author":1,"featured_media":2726,"comment_status":"closed","ping_status":"closed","sticky":false,"template":"","format":"standard","meta":{"rop_custom_images_group":[],"rop_custom_messages_group":[],"rop_publish_now":"initial","rop_publish_now_accounts":[],"rop_publish_now_history":[],"rop_publish_now_status":"pending","neve_meta_sidebar":"","neve_meta_container":"","neve_meta_enable_content_width":"off","neve_meta_content_width":0,"neve_meta_title_alignment":"","neve_meta_author_avatar":"","neve_post_elements_order":"","neve_meta_disable_header":"","neve_meta_disable_footer":"","neve_meta_disable_title":"","footnotes":""},"categories":[13],"tags":[],"class_list":["post-2722","post","type-post","status-publish","format-standard","has-post-thumbnail","hentry","category-sin-categoria-ca"],"_links":{"self":[{"href":"https:\/\/www.iescarlessalvador.es\/index.php?rest_route=\/wp\/v2\/posts\/2722","targetHints":{"allow":["GET"]}}],"collection":[{"href":"https:\/\/www.iescarlessalvador.es\/index.php?rest_route=\/wp\/v2\/posts"}],"about":[{"href":"https:\/\/www.iescarlessalvador.es\/index.php?rest_route=\/wp\/v2\/types\/post"}],"author":[{"embeddable":true,"href":"https:\/\/www.iescarlessalvador.es\/index.php?rest_route=\/wp\/v2\/users\/1"}],"replies":[{"embeddable":true,"href":"https:\/\/www.iescarlessalvador.es\/index.php?rest_route=%2Fwp%2Fv2%2Fcomments&post=2722"}],"version-history":[{"count":2,"href":"https:\/\/www.iescarlessalvador.es\/index.php?rest_route=\/wp\/v2\/posts\/2722\/revisions"}],"predecessor-version":[{"id":2728,"href":"https:\/\/www.iescarlessalvador.es\/index.php?rest_route=\/wp\/v2\/posts\/2722\/revisions\/2728"}],"wp:featuredmedia":[{"embeddable":true,"href":"https:\/\/www.iescarlessalvador.es\/index.php?rest_route=\/wp\/v2\/media\/2726"}],"wp:attachment":[{"href":"https:\/\/www.iescarlessalvador.es\/index.php?rest_route=%2Fwp%2Fv2%2Fmedia&parent=2722"}],"wp:term":[{"taxonomy":"category","embeddable":true,"href":"https:\/\/www.iescarlessalvador.es\/index.php?rest_route=%2Fwp%2Fv2%2Fcategories&post=2722"},{"taxonomy":"post_tag","embeddable":true,"href":"https:\/\/www.iescarlessalvador.es\/index.php?rest_route=%2Fwp%2Fv2%2Ftags&post=2722"}],"curies":[{"name":"wp","href":"https:\/\/api.w.org\/{rel}","templated":true}]}}