{"id":2724,"date":"2022-04-05T16:33:09","date_gmt":"2022-04-05T16:33:09","guid":{"rendered":"http:\/\/www.iescarlessalvador.es\/?p=2724"},"modified":"2022-04-05T17:12:56","modified_gmt":"2022-04-05T17:12:56","slug":"admision-curso-2022-23","status":"publish","type":"post","link":"https:\/\/www.iescarlessalvador.es\/?p=2724&lang=es","title":{"rendered":"ADMISI\u00d3N CURSO 2022-23"},"content":{"rendered":"\n<p>Publicado el calendario de admisi\u00f3n para el curso escolar 2022-23<\/p>\n\n\n\n<p class=\"has-text-align-center\"><a href=\"https:\/\/www.iescarlessalvador.es\/?page_id=384&amp;lang=es\">M\u00c1S INFORMACI\u00d3N<\/a><\/p>\n\n\n\n<figure class=\"wp-block-image size-large\"><img fetchpriority=\"high\" decoding=\"async\" width=\"1024\" height=\"1000\" src=\"https:\/\/www.iescarlessalvador.es\/wp-content\/uploads\/2022\/04\/calendari_nou_22-23-1024x1000.png\" alt=\"\" class=\"wp-image-2726\" srcset=\"https:\/\/www.iescarlessalvador.es\/wp-content\/uploads\/2022\/04\/calendari_nou_22-23-1024x1000.png 1024w, https:\/\/www.iescarlessalvador.es\/wp-content\/uploads\/2022\/04\/calendari_nou_22-23-300x293.png 300w, https:\/\/www.iescarlessalvador.es\/wp-content\/uploads\/2022\/04\/calendari_nou_22-23-768x750.png 768w, https:\/\/www.iescarlessalvador.es\/wp-content\/uploads\/2022\/04\/calendari_nou_22-23-1536x1500.png 1536w, https:\/\/www.iescarlessalvador.es\/wp-content\/uploads\/2022\/04\/calendari_nou_22-23-2048x2000.png 2048w\" sizes=\"(max-width: 1024px) 100vw, 1024px\" \/><\/figure>\n","protected":false},"excerpt":{"rendered":"<p>Publicado el calendario de admisi\u00f3n para el curso escolar 2022-23 M\u00c1S INFORMACI\u00d3N<\/p>\n","protected":false},"author":1,"featured_media":2726,"comment_status":"closed","ping_status":"closed","sticky":false,"template":"","format":"standard","meta":{"rop_custom_images_group":[],"rop_custom_messages_group":[],"rop_publish_now":"initial","rop_publish_now_accounts":[],"rop_publish_now_history":[],"rop_publish_now_status":"pending","neve_meta_sidebar":"","neve_meta_container":"","neve_meta_enable_content_width":"off","neve_meta_content_width":0,"neve_meta_title_alignment":"","neve_meta_author_avatar":"","neve_post_elements_order":"","neve_meta_disable_header":"","neve_meta_disable_footer":"","neve_meta_disable_title":"","footnotes":""},"categories":[34],"tags":[],"class_list":["post-2724","post","type-post","status-publish","format-standard","has-post-thumbnail","hentry","category-noticias"],"_links":{"self":[{"href":"https:\/\/www.iescarlessalvador.es\/index.php?rest_route=\/wp\/v2\/posts\/2724","targetHints":{"allow":["GET"]}}],"collection":[{"href":"https:\/\/www.iescarlessalvador.es\/index.php?rest_route=\/wp\/v2\/posts"}],"about":[{"href":"https:\/\/www.iescarlessalvador.es\/index.php?rest_route=\/wp\/v2\/types\/post"}],"author":[{"embeddable":true,"href":"https:\/\/www.iescarlessalvador.es\/index.php?rest_route=\/wp\/v2\/users\/1"}],"replies":[{"embeddable":true,"href":"https:\/\/www.iescarlessalvador.es\/index.php?rest_route=%2Fwp%2Fv2%2Fcomments&post=2724"}],"version-history":[{"count":3,"href":"https:\/\/www.iescarlessalvador.es\/index.php?rest_route=\/wp\/v2\/posts\/2724\/revisions"}],"predecessor-version":[{"id":2729,"href":"https:\/\/www.iescarlessalvador.es\/index.php?rest_route=\/wp\/v2\/posts\/2724\/revisions\/2729"}],"wp:featuredmedia":[{"embeddable":true,"href":"https:\/\/www.iescarlessalvador.es\/index.php?rest_route=\/wp\/v2\/media\/2726"}],"wp:attachment":[{"href":"https:\/\/www.iescarlessalvador.es\/index.php?rest_route=%2Fwp%2Fv2%2Fmedia&parent=2724"}],"wp:term":[{"taxonomy":"category","embeddable":true,"href":"https:\/\/www.iescarlessalvador.es\/index.php?rest_route=%2Fwp%2Fv2%2Fcategories&post=2724"},{"taxonomy":"post_tag","embeddable":true,"href":"https:\/\/www.iescarlessalvador.es\/index.php?rest_route=%2Fwp%2Fv2%2Ftags&post=2724"}],"curies":[{"name":"wp","href":"https:\/\/api.w.org\/{rel}","templated":true}]}}