{"id":2731,"date":"2022-04-14T05:42:46","date_gmt":"2022-04-14T05:42:46","guid":{"rendered":"http:\/\/www.iescarlessalvador.es\/?p=2731"},"modified":"2022-04-14T06:02:48","modified_gmt":"2022-04-14T06:02:48","slug":"visitem-el-centre-de-conservacio-despecies-daigua-dolca-de-la-cv","status":"publish","type":"post","link":"https:\/\/www.iescarlessalvador.es\/?p=2731","title":{"rendered":"Visitem el centre de conservaci\u00f3 d\u2019esp\u00e8cies d\u2019aigua dol\u00e7a de la CV"},"content":{"rendered":"\n<p><\/p>\n\n\n\n<p>El passat 4 d&#8217;abril, l&#8217;alumnat de 1r de batxillerat cient\u00edfic juntament amb les professores del departament de biologia vam visitar el Centre de conservaci\u00f3 d&#8217;esp\u00e8cies d&#8217;aigua dol\u00e7a de la Comunitat Valenciana, al Palmar. <\/p>\n\n\n\n<figure class=\"wp-block-image size-large\"><img fetchpriority=\"high\" decoding=\"async\" width=\"1024\" height=\"576\" src=\"https:\/\/www.iescarlessalvador.es\/wp-content\/uploads\/2022\/04\/IMG-20220404-WA0007-1024x576.jpg\" alt=\"\" class=\"wp-image-2734\" srcset=\"https:\/\/www.iescarlessalvador.es\/wp-content\/uploads\/2022\/04\/IMG-20220404-WA0007-1024x576.jpg 1024w, https:\/\/www.iescarlessalvador.es\/wp-content\/uploads\/2022\/04\/IMG-20220404-WA0007-300x169.jpg 300w, https:\/\/www.iescarlessalvador.es\/wp-content\/uploads\/2022\/04\/IMG-20220404-WA0007-768x432.jpg 768w, https:\/\/www.iescarlessalvador.es\/wp-content\/uploads\/2022\/04\/IMG-20220404-WA0007-1536x864.jpg 1536w, https:\/\/www.iescarlessalvador.es\/wp-content\/uploads\/2022\/04\/IMG-20220404-WA0007.jpg 1600w\" sizes=\"(max-width: 1024px) 100vw, 1024px\" \/><\/figure>\n\n\n\n<p>Va ser una visita molt interessant on un dels t\u00e8cnics que hi treballa, i que \u00e9s antic alumne del nostre institut, ens va explicar quines s\u00f3n les diferents tasques de conservaci\u00f3 d&#8217;esp\u00e8cies vulnerables i amena\u00e7ades que hi realitzen. Tamb\u00e9 vam poder con\u00e8ixer algunes d&#8217;elles, com: l&#8217;ofegabous, el samaruc, el fartet com\u00fa i el triops. <\/p>\n\n\n\n<div class=\"wp-block-image\"><figure class=\"aligncenter size-large\"><img decoding=\"async\" width=\"768\" height=\"1024\" src=\"https:\/\/www.iescarlessalvador.es\/wp-content\/uploads\/2022\/04\/IMG-20220404-WA0012-768x1024.jpg\" alt=\"\" class=\"wp-image-2735\" srcset=\"https:\/\/www.iescarlessalvador.es\/wp-content\/uploads\/2022\/04\/IMG-20220404-WA0012-768x1024.jpg 768w, https:\/\/www.iescarlessalvador.es\/wp-content\/uploads\/2022\/04\/IMG-20220404-WA0012-225x300.jpg 225w, https:\/\/www.iescarlessalvador.es\/wp-content\/uploads\/2022\/04\/IMG-20220404-WA0012.jpg 1062w\" sizes=\"(max-width: 768px) 100vw, 768px\" \/><\/figure><\/div>\n\n\n\n<figure class=\"wp-block-image size-large\"><img decoding=\"async\" width=\"1024\" height=\"768\" src=\"https:\/\/www.iescarlessalvador.es\/wp-content\/uploads\/2022\/04\/IMG-20220404-WA0014-1024x768.jpg\" alt=\"\" class=\"wp-image-2733\" srcset=\"https:\/\/www.iescarlessalvador.es\/wp-content\/uploads\/2022\/04\/IMG-20220404-WA0014-1024x768.jpg 1024w, https:\/\/www.iescarlessalvador.es\/wp-content\/uploads\/2022\/04\/IMG-20220404-WA0014-300x225.jpg 300w, https:\/\/www.iescarlessalvador.es\/wp-content\/uploads\/2022\/04\/IMG-20220404-WA0014-768x576.jpg 768w, https:\/\/www.iescarlessalvador.es\/wp-content\/uploads\/2022\/04\/IMG-20220404-WA0014.jpg 1416w\" sizes=\"(max-width: 1024px) 100vw, 1024px\" \/><\/figure>\n\n\n\n<p>En acabar vam donar un passeig en barca pel Parc Natural de l&#8217;Albufera, on el barquer ens va explicar l&#8217;evoluci\u00f3 que ha tingut aquest paratge al llarg dels darrers 150 anys i la import\u00e0ncia de la seua protecci\u00f3 com a Parc Natural.<\/p>\n\n\n\n<figure class=\"wp-block-image size-large\"><img loading=\"lazy\" decoding=\"async\" width=\"1024\" height=\"768\" src=\"https:\/\/www.iescarlessalvador.es\/wp-content\/uploads\/2022\/04\/IMG-20220404-WA0013-1024x768.jpg\" alt=\"\" class=\"wp-image-2732\" srcset=\"https:\/\/www.iescarlessalvador.es\/wp-content\/uploads\/2022\/04\/IMG-20220404-WA0013-1024x768.jpg 1024w, https:\/\/www.iescarlessalvador.es\/wp-content\/uploads\/2022\/04\/IMG-20220404-WA0013-300x225.jpg 300w, https:\/\/www.iescarlessalvador.es\/wp-content\/uploads\/2022\/04\/IMG-20220404-WA0013-768x576.jpg 768w, https:\/\/www.iescarlessalvador.es\/wp-content\/uploads\/2022\/04\/IMG-20220404-WA0013-1536x1152.jpg 1536w, https:\/\/www.iescarlessalvador.es\/wp-content\/uploads\/2022\/04\/IMG-20220404-WA0013.jpg 1600w\" sizes=\"(max-width: 1024px) 100vw, 1024px\" \/><\/figure>\n","protected":false},"excerpt":{"rendered":"<p>El passat 4 d&#8217;abril, l&#8217;alumnat de 1r de batxillerat cient\u00edfic juntament amb les professores del departament de biologia vam visitar el Centre de conservaci\u00f3 d&#8217;esp\u00e8cies d&#8217;aigua dol\u00e7a de la Comunitat Valenciana, al Palmar. Va ser una visita molt interessant on un dels t\u00e8cnics que hi treballa, i que \u00e9s antic alumne del nostre institut, ens&hellip;&nbsp;<a href=\"https:\/\/www.iescarlessalvador.es\/?p=2731\" class=\"\" rel=\"bookmark\">Leer m\u00e1s &raquo;<span class=\"screen-reader-text\">Visitem el centre de conservaci\u00f3 d\u2019esp\u00e8cies d\u2019aigua dol\u00e7a de la CV<\/span><\/a><\/p>\n","protected":false},"author":1,"featured_media":2734,"comment_status":"closed","ping_status":"closed","sticky":false,"template":"","format":"standard","meta":{"rop_custom_images_group":[],"rop_custom_messages_group":[],"rop_publish_now":"initial","rop_publish_now_accounts":[],"rop_publish_now_history":[],"rop_publish_now_status":"pending","neve_meta_sidebar":"","neve_meta_container":"","neve_meta_enable_content_width":"off","neve_meta_content_width":0,"neve_meta_title_alignment":"","neve_meta_author_avatar":"","neve_post_elements_order":"","neve_meta_disable_header":"","neve_meta_disable_footer":"","neve_meta_disable_title":"","footnotes":""},"categories":[13],"tags":[],"class_list":["post-2731","post","type-post","status-publish","format-standard","has-post-thumbnail","hentry","category-sin-categoria-ca"],"_links":{"self":[{"href":"https:\/\/www.iescarlessalvador.es\/index.php?rest_route=\/wp\/v2\/posts\/2731","targetHints":{"allow":["GET"]}}],"collection":[{"href":"https:\/\/www.iescarlessalvador.es\/index.php?rest_route=\/wp\/v2\/posts"}],"about":[{"href":"https:\/\/www.iescarlessalvador.es\/index.php?rest_route=\/wp\/v2\/types\/post"}],"author":[{"embeddable":true,"href":"https:\/\/www.iescarlessalvador.es\/index.php?rest_route=\/wp\/v2\/users\/1"}],"replies":[{"embeddable":true,"href":"https:\/\/www.iescarlessalvador.es\/index.php?rest_route=%2Fwp%2Fv2%2Fcomments&post=2731"}],"version-history":[{"count":2,"href":"https:\/\/www.iescarlessalvador.es\/index.php?rest_route=\/wp\/v2\/posts\/2731\/revisions"}],"predecessor-version":[{"id":2739,"href":"https:\/\/www.iescarlessalvador.es\/index.php?rest_route=\/wp\/v2\/posts\/2731\/revisions\/2739"}],"wp:featuredmedia":[{"embeddable":true,"href":"https:\/\/www.iescarlessalvador.es\/index.php?rest_route=\/wp\/v2\/media\/2734"}],"wp:attachment":[{"href":"https:\/\/www.iescarlessalvador.es\/index.php?rest_route=%2Fwp%2Fv2%2Fmedia&parent=2731"}],"wp:term":[{"taxonomy":"category","embeddable":true,"href":"https:\/\/www.iescarlessalvador.es\/index.php?rest_route=%2Fwp%2Fv2%2Fcategories&post=2731"},{"taxonomy":"post_tag","embeddable":true,"href":"https:\/\/www.iescarlessalvador.es\/index.php?rest_route=%2Fwp%2Fv2%2Ftags&post=2731"}],"curies":[{"name":"wp","href":"https:\/\/api.w.org\/{rel}","templated":true}]}}