{"id":2737,"date":"2022-04-14T05:51:07","date_gmt":"2022-04-14T05:51:07","guid":{"rendered":"http:\/\/www.iescarlessalvador.es\/?p=2737"},"modified":"2022-04-14T05:51:09","modified_gmt":"2022-04-14T05:51:09","slug":"visita-al-centro-de-conservacion-de-especies-de-agua-dulce-de-la-cv","status":"publish","type":"post","link":"https:\/\/www.iescarlessalvador.es\/?p=2737&lang=es","title":{"rendered":"Visita al centro de conservaci\u00f3n de especies de agua dulce de la CV"},"content":{"rendered":"\n<p><br>El pasado 4 de abril, el alumnado de 1\u00ba de bachillerato cient\u00edfico junto con las profesoras del departamento de biolog\u00eda visitamos el Centro de conservaci\u00f3n de especies de agua dulce de la Comunidad Valenciana, en el Palmar. <\/p>\n\n\n\n<figure class=\"wp-block-image size-large\"><img fetchpriority=\"high\" decoding=\"async\" width=\"1024\" height=\"576\" src=\"https:\/\/www.iescarlessalvador.es\/wp-content\/uploads\/2022\/04\/IMG-20220404-WA0007-1024x576.jpg\" alt=\"\" class=\"wp-image-2734\" srcset=\"https:\/\/www.iescarlessalvador.es\/wp-content\/uploads\/2022\/04\/IMG-20220404-WA0007-1024x576.jpg 1024w, https:\/\/www.iescarlessalvador.es\/wp-content\/uploads\/2022\/04\/IMG-20220404-WA0007-300x169.jpg 300w, https:\/\/www.iescarlessalvador.es\/wp-content\/uploads\/2022\/04\/IMG-20220404-WA0007-768x432.jpg 768w, https:\/\/www.iescarlessalvador.es\/wp-content\/uploads\/2022\/04\/IMG-20220404-WA0007-1536x864.jpg 1536w, https:\/\/www.iescarlessalvador.es\/wp-content\/uploads\/2022\/04\/IMG-20220404-WA0007.jpg 1600w\" sizes=\"(max-width: 1024px) 100vw, 1024px\" \/><\/figure>\n\n\n\n<p>Fue una visita muy interesante donde uno de los t\u00e9cnicos que trabaja, y que es antiguo alumno de nuestro instituto, nos explic\u00f3 cu\u00e1les son las diferentes tareas de conservaci\u00f3n de especies vulnerables y amenazadas que realizan. Tambi\u00e9n pudimos conocer algunas de ellas, como: el gallipato, el samaruc, el fartet com\u00fan y el triops. <\/p>\n\n\n\n<figure class=\"wp-block-image size-large\"><img decoding=\"async\" width=\"768\" height=\"1024\" src=\"https:\/\/www.iescarlessalvador.es\/wp-content\/uploads\/2022\/04\/IMG-20220404-WA0012-768x1024.jpg\" alt=\"\" class=\"wp-image-2735\" srcset=\"https:\/\/www.iescarlessalvador.es\/wp-content\/uploads\/2022\/04\/IMG-20220404-WA0012-768x1024.jpg 768w, https:\/\/www.iescarlessalvador.es\/wp-content\/uploads\/2022\/04\/IMG-20220404-WA0012-225x300.jpg 225w, https:\/\/www.iescarlessalvador.es\/wp-content\/uploads\/2022\/04\/IMG-20220404-WA0012.jpg 1062w\" sizes=\"(max-width: 768px) 100vw, 768px\" \/><\/figure>\n\n\n\n<figure class=\"wp-block-image size-large\"><img decoding=\"async\" width=\"1024\" height=\"768\" src=\"https:\/\/www.iescarlessalvador.es\/wp-content\/uploads\/2022\/04\/IMG-20220404-WA0014-1024x768.jpg\" alt=\"\" class=\"wp-image-2733\" srcset=\"https:\/\/www.iescarlessalvador.es\/wp-content\/uploads\/2022\/04\/IMG-20220404-WA0014-1024x768.jpg 1024w, https:\/\/www.iescarlessalvador.es\/wp-content\/uploads\/2022\/04\/IMG-20220404-WA0014-300x225.jpg 300w, https:\/\/www.iescarlessalvador.es\/wp-content\/uploads\/2022\/04\/IMG-20220404-WA0014-768x576.jpg 768w, https:\/\/www.iescarlessalvador.es\/wp-content\/uploads\/2022\/04\/IMG-20220404-WA0014.jpg 1416w\" sizes=\"(max-width: 1024px) 100vw, 1024px\" \/><\/figure>\n\n\n\n<p>Al acabar dimos un paseo en barca por el Parque Natural de la Albufera, donde el barquero nos explic\u00f3 la evoluci\u00f3n que ha tenido este paraje a lo largo de los \u00faltimos 150 a\u00f1os y la importancia de su protecci\u00f3n como Parque Natural.<\/p>\n\n\n\n<figure class=\"wp-block-image size-large\"><img loading=\"lazy\" decoding=\"async\" width=\"1024\" height=\"768\" src=\"https:\/\/www.iescarlessalvador.es\/wp-content\/uploads\/2022\/04\/IMG-20220404-WA0013-1024x768.jpg\" alt=\"\" class=\"wp-image-2732\" srcset=\"https:\/\/www.iescarlessalvador.es\/wp-content\/uploads\/2022\/04\/IMG-20220404-WA0013-1024x768.jpg 1024w, https:\/\/www.iescarlessalvador.es\/wp-content\/uploads\/2022\/04\/IMG-20220404-WA0013-300x225.jpg 300w, https:\/\/www.iescarlessalvador.es\/wp-content\/uploads\/2022\/04\/IMG-20220404-WA0013-768x576.jpg 768w, https:\/\/www.iescarlessalvador.es\/wp-content\/uploads\/2022\/04\/IMG-20220404-WA0013-1536x1152.jpg 1536w, https:\/\/www.iescarlessalvador.es\/wp-content\/uploads\/2022\/04\/IMG-20220404-WA0013.jpg 1600w\" sizes=\"(max-width: 1024px) 100vw, 1024px\" \/><\/figure>\n","protected":false},"excerpt":{"rendered":"<p>El pasado 4 de abril, el alumnado de 1\u00ba de bachillerato cient\u00edfico junto con las profesoras del departamento de biolog\u00eda visitamos el Centro de conservaci\u00f3n de especies de agua dulce de la Comunidad Valenciana, en el Palmar. Fue una visita muy interesante donde uno de los t\u00e9cnicos que trabaja, y que es antiguo alumno de&hellip;&nbsp;<a href=\"https:\/\/www.iescarlessalvador.es\/?p=2737&#038;lang=es\" class=\"\" rel=\"bookmark\">Leer m\u00e1s &raquo;<span class=\"screen-reader-text\">Visita al centro de conservaci\u00f3n de especies de agua dulce de la CV<\/span><\/a><\/p>\n","protected":false},"author":1,"featured_media":2734,"comment_status":"closed","ping_status":"closed","sticky":false,"template":"","format":"standard","meta":{"rop_custom_images_group":[],"rop_custom_messages_group":[],"rop_publish_now":"initial","rop_publish_now_accounts":[],"rop_publish_now_history":[],"rop_publish_now_status":"pending","neve_meta_sidebar":"","neve_meta_container":"","neve_meta_enable_content_width":"off","neve_meta_content_width":0,"neve_meta_title_alignment":"","neve_meta_author_avatar":"","neve_post_elements_order":"","neve_meta_disable_header":"","neve_meta_disable_footer":"","neve_meta_disable_title":"","footnotes":""},"categories":[34],"tags":[],"class_list":["post-2737","post","type-post","status-publish","format-standard","has-post-thumbnail","hentry","category-noticias"],"_links":{"self":[{"href":"https:\/\/www.iescarlessalvador.es\/index.php?rest_route=\/wp\/v2\/posts\/2737","targetHints":{"allow":["GET"]}}],"collection":[{"href":"https:\/\/www.iescarlessalvador.es\/index.php?rest_route=\/wp\/v2\/posts"}],"about":[{"href":"https:\/\/www.iescarlessalvador.es\/index.php?rest_route=\/wp\/v2\/types\/post"}],"author":[{"embeddable":true,"href":"https:\/\/www.iescarlessalvador.es\/index.php?rest_route=\/wp\/v2\/users\/1"}],"replies":[{"embeddable":true,"href":"https:\/\/www.iescarlessalvador.es\/index.php?rest_route=%2Fwp%2Fv2%2Fcomments&post=2737"}],"version-history":[{"count":1,"href":"https:\/\/www.iescarlessalvador.es\/index.php?rest_route=\/wp\/v2\/posts\/2737\/revisions"}],"predecessor-version":[{"id":2738,"href":"https:\/\/www.iescarlessalvador.es\/index.php?rest_route=\/wp\/v2\/posts\/2737\/revisions\/2738"}],"wp:featuredmedia":[{"embeddable":true,"href":"https:\/\/www.iescarlessalvador.es\/index.php?rest_route=\/wp\/v2\/media\/2734"}],"wp:attachment":[{"href":"https:\/\/www.iescarlessalvador.es\/index.php?rest_route=%2Fwp%2Fv2%2Fmedia&parent=2737"}],"wp:term":[{"taxonomy":"category","embeddable":true,"href":"https:\/\/www.iescarlessalvador.es\/index.php?rest_route=%2Fwp%2Fv2%2Fcategories&post=2737"},{"taxonomy":"post_tag","embeddable":true,"href":"https:\/\/www.iescarlessalvador.es\/index.php?rest_route=%2Fwp%2Fv2%2Ftags&post=2737"}],"curies":[{"name":"wp","href":"https:\/\/api.w.org\/{rel}","templated":true}]}}