{"id":2779,"date":"2022-04-19T13:36:58","date_gmt":"2022-04-19T13:36:58","guid":{"rendered":"http:\/\/www.iescarlessalvador.es\/?p=2779"},"modified":"2022-04-19T14:14:05","modified_gmt":"2022-04-19T14:14:05","slug":"admision-formacion-profesional","status":"publish","type":"post","link":"https:\/\/www.iescarlessalvador.es\/?p=2779&lang=es","title":{"rendered":"Admisi\u00f3n Formaci\u00f3n Profesional"},"content":{"rendered":"\n<p><strong><u>PROCESO \u00daNICO DE ADMISI\u00d3N FP B\u00c1SICA &#8211; GRADO MEDIO Y SUPERIOR CURSO 2022-2023<\/u><\/strong><\/p>\n\n\n\n<p><strong>PLAZO DE PRESENTACI\u00d3N DE SOLICITUD E INSTRUCCIONES DEL PROCESO.<\/strong><\/p>\n\n\n\n<p><strong><u>DEL 19 AL 29 DE MAYO DE 2022<\/u><\/strong><\/p>\n\n\n\n<p><strong><u>IMPORTANT<\/u>E: Seg\u00fan Resoluci\u00f3n de 24 de marzo de 2022 de la Conselleria d\u2019Educaci\u00f3, Cultura i Esport por la cual se dictan instrucciones del procedimiento.<\/strong><\/p>\n\n\n\n<p><strong>-PARTICIPACI\u00d3N PROCESO: <\/strong>exclusivamente <strong>telem\u00e1tico<\/strong> en los plazos que se han establecido en el calendario de admisi\u00f3n, indicados.<\/p>\n\n\n\n<p><strong>&#8211;<\/strong>A trav\u00e9s de la <strong>APLICACI\u00d3N INFORM\u00c1TICA de la Conselleria d\u2019 Educaci\u00f3, Cultura i Esport,&nbsp; <\/strong>para grabar la solicitud por medio de un asistente telem\u00e1tico. Los pasos a seguir son los siguientes:<\/p>\n\n\n\n<p><strong>Entrar en la p\u00e1gina web:<\/strong>  <a href=\"https:\/\/portal.edu.gva.es\/telematricula\/\">https:\/\/portal.edu.gva.es\/telematricula\/<\/a><\/p>\n\n\n\n<p><strong>&#8211; Hay que obtener la \u201cCLAVE DE ADMISI\u00d3N\u201d <\/strong>que es \u00fanica para cada solicitud, y habr\u00e1 que conservarla para presentar reclamaciones, si fuera necesario.<\/p>\n\n\n\n<p>&#8211;<strong>Rellenar la solicitud, el padre\/madre \/tutor\/a legal<\/strong> del alumno\/a si es menor de edad.<\/p>\n\n\n\n<p><strong>-C\u00d3MO SE OBTIENE LA CLAVE DE ADMISI\u00d3N?<\/strong><\/p>\n\n\n\n<p>&nbsp;Si el solicitante dispone de :<\/p>\n\n\n\n<p><strong>1) DNI:<\/strong><\/p>\n\n\n\n<p><strong> <\/strong>-N\u00ba DNI<\/p>\n\n\n\n<p>-N\u00ba de soporte (IDESP en los modelos antiguos)<\/p>\n\n\n\n<p>-Fecha de nacimiento<\/p>\n\n\n\n<p>-Marcar casilla que indica la no oposici\u00f3n a la comprobaci\u00f3n ante el Ministerio del Interior.<\/p>\n\n\n\n<p><strong>2) NIE, tarjeta d\u2019extranjero o permiso de residencia:<\/strong><\/p>\n\n\n\n<p>-N\u00ba NIE<\/p>\n\n\n\n<p>-N\u00ba de soporte (IXESP en los modelos antiguos)<\/p>\n\n\n\n<p>-Fecha de nacimiento<\/p>\n\n\n\n<p>-Marcar casilla que indica la no oposici\u00f3n a la comprobaci\u00f3n ante el Ministerio del Interior.<\/p>\n\n\n\n<p><strong>3) Certificado de registro ciudadano de la Uni\u00f3n Europea:<\/strong><\/p>\n\n\n\n<p>-N\u00ba NIE<\/p>\n\n\n\n<p>-N\u00ba del certificado precedido de la letra C<\/p>\n\n\n\n<p>&#8211; Fecha de nacimiento<\/p>\n\n\n\n<p>-Marcar casilla que indica la no oposici\u00f3n a la comprobaci\u00f3n ante el Ministerio del Interior<\/p>\n\n\n\n<p><strong>4) Qualquier otro medio electr\u00f3nico de verificaci\u00f3n de identidad segun el art 5.6 Decreto Ley 2\/2020 de 3 de abril:<\/strong><\/p>\n\n\n\n<p>-Certificado digital emitido por la AACCV (Agencia de Tecnolog\u00eda y Certificaci\u00f3n Electr\u00f3nica Digital)<\/p>\n\n\n\n<p>-Sistema de identidad electr\u00f3nica Cl@ve.<\/p>\n\n\n\n<p>-eDNI con lector.<\/p>\n\n\n\n<p><strong>5) Solicitante con <u>Pasaporte <\/u>o solicitante que <u>no dispone de la posibilidad de acceso a medios electr\u00f3nicos<\/u>, <\/strong>deber\u00e1n llamar por tel\u00e9fono a nuestro centro 96 120 59 90, se le atender\u00e1 telef\u00f3nicamente y si es imposible realizar la gesti\u00f3n por este medio, se le dar\u00e1 cita previa para que acuda presencialmente el d\u00eda y hora indicados para realizar la gesti\u00f3n, siempre que les condiciones sanitarias lo permitan y con todas las medidas sanitarias y de seguridad necesarias ante el Covid-19.<\/p>\n\n\n\n<p><strong>Una vez obtenida la clave de admisi\u00f3n, se proceder\u00e1 a rellenar el MODELO DE LA SOLICITUD:<\/strong><\/p>\n\n\n\n<p>a) Identificaci\u00f3n del solicitante<\/p>\n\n\n\n<p>b) Identificaci\u00f3n alumnado para el que solicita la plaza<\/p>\n\n\n\n<p>c) No convivencia de los progenitores por separaci\u00f3n, divorcio, nulidad, ruptura de parejas de fet o situaci\u00f3n an\u00e1loga, limitaci\u00f3n de la patria potestad por alguno de ellos.<strong> MARCAR LA CASILLA\/AS HABILITADAS A TAL EFECTE. <em>(<\/em><\/strong><em>En el momento de formalizar la matr\u00edcula se deber\u00e1 aportar la firma y rellenar los datos de padre y madre)<\/em><\/p>\n\n\n\n<p>d)<strong> Circunstancias alegadas por la persona solicitante <\/strong>para el proceso de admisi\u00f3n.<\/p>\n\n\n\n<p>e)<strong> Nivel educativo solicitado.<\/strong><\/p>\n\n\n\n<p>f)<strong> Declaraci\u00f3n Responsable, de que las circunstancias alegadas se ajustan a la realidad <\/strong> (sustituye a la aportaci\u00f3n de la documentaci\u00f3n acreditativa en el momento de la solicitud, sin perjuicio de la posterior acreditaci\u00f3n y comprobaci\u00f3n. La falsedad de los datos declarados o no suficiente acreditaci\u00f3n dar\u00e1 lugar a la nulidad de la solicitud, obteniendo la escolaritzaci\u00f3n el alumno en los centros donde queden vacantes, finalizado el proceso de admisi\u00f3n)<\/p>\n\n\n\n<p>g)<strong> CENTROS SOLICITADOS: <\/strong>hasta un m\u00e1ximo de 5, ordenados&nbsp;seg\u00fan preferencia.<\/p>\n\n\n\n<p>h)<strong> CORREO ELECTR\u00d3NICO, importante <\/strong>donde recibir\u00e1 la informaci\u00f3n necesaria para consultar el esultado del proceso de admisi\u00f3n.<\/p>\n\n\n\n<p>*Los participantes en el proceso podr\u00e1n consultar el resultado del mismo de forma telem\u00e1tica, <strong>&nbsp;<\/strong><a href=\"https:\/\/portal.edu.gva.es\/telematricula\/es\/inicio\/\"><strong>https:\/\/portal.edu.gva.es\/telematricula\/<\/strong><\/a><strong>. <\/strong>Los datos para poder acceder ser\u00e1n los recibidos en el correo electr\u00f3nico.<\/p>\n\n\n\n<p><strong>*SOLO PODR\u00c1 PRESENTARSE ELECTR\u00d3NICAMENTE UNA \u00daNICA SOLICITUD POR ALUMNO ASOCIADO A LA CLAVE DE ADMISSI\u00d3. <\/strong> (Podr\u00e1 ser rellenada en m\u00e1s de una oocasi\u00f3n durante el periodo en que est\u00e9 operativa la aplicaci\u00f3n, y s\u00f3lo se tendr\u00e1 en cuenta la \u00faltima solicitud presentada electr\u00f3nicamente)<\/p>\n\n\n\n<p class=\"has-text-align-center\"><strong><u>APORTACI\u00d3N REQUISITO ACAD\u00c9MICO\/CONSEJO ORIENTADOR<\/u><\/strong><\/p>\n\n\n\n<p class=\"has-text-align-left\">                      <strong><u>Plazo: <strong><u> Grado B\u00e1sico<\/u><\/strong> &#8211; Hasta <strong><u>el 30 de junio<\/u><\/strong> <\/u><\/strong><\/p>\n\n\n\n<p class=\"has-text-align-left\">                                        <strong><u>Grado Medio y Superior<\/u><\/strong> &#8211; <strong>Hasta el <u>4 de Julio<\/u><\/strong> &nbsp; (presencialmente en el centro de primera opci\u00f3n)<\/p>\n\n\n\n<p>         <\/p>\n\n\n\n<p class=\"has-text-align-center\"><strong>CALENDARIO DE ADMISI\u00d3N<\/strong> <strong>ALUMNADO DE FORMACI\u00d3N PROFESIONAL<\/strong> <\/p>\n\n\n\n<p class=\"has-text-align-center\"><strong>CURSO 2022-2023<\/strong><\/p>\n\n\n\n<p class=\"has-text-align-center\"><strong>Proceso \u00danico<\/strong><\/p>\n\n\n\n<figure class=\"wp-block-table\"><table><tbody><tr><td>1.- PRESENTACI\u00d3N DE SOLICITUDES<\/td><td>&nbsp;<\/td><td>Del 19 &nbsp;al 29 de mayo &nbsp;<\/td><\/tr><tr><td>2.- PRESENTACI\u00d3N CERTIFICACI\u00d3N CONSEJO ORIENTADOR\/REQUISITO ACAD\u00c9MICO<br>                                                                FP B\u00e1sica<br>                                                                FP Grado Medio y Superior<\/td><td>&nbsp;<br><\/td><td><br><br>Hasta el 30 junio<br>Hasta al 4 de julio<\/td><\/tr><tr><td><br>3.- ELABORACI\u00d3N DE LISTAS PROVISIONALES Y PUBLICACI\u00d3N<br>                                                                FP B\u00e1sica<br>                                                                FP Grado Medio y Superior<\/td><td>&nbsp; &nbsp;<\/td><td><br><br>6 de julio<br>11 de julio<\/td><\/tr><tr><td>4.- RECLAMACIONES (TELEM\u00c1TICAS) ANTE LA DIRECCI\u00d3N DEL CENTRO.<br>                                                                FP B\u00e1sica<br>                                                                FP Grado Medio y Superior<\/td><td>&nbsp;<\/td><td><br>Del 6-8 de julio<br>11-13 &nbsp;de julio<\/td><\/tr><tr><td>5.- PUBLICACI\u00d3N DE LISTAS DEFINITIVAS DEL ALUMNADO ADMITIDO<br>                                                               FP B\u00e1sica<br>                                                               FP Grado Medio y Superior<\/td><td>&nbsp;<\/td><td><br>14 de julio<br>21 de julio<\/td><\/tr><tr><td><\/td><td>&nbsp;<\/td><td><\/td><\/tr><tr><td>6- MATR\u00cdCULA<br>                                                              FP B\u00e1sica<br>                                                              FP Grado Medio y Superior<\/td><td>&nbsp;<\/td><td><br>Del 15 al 21 de julio<br>Del 22 al 29 de julio<\/td><\/tr><\/tbody><\/table><\/figure>\n","protected":false},"excerpt":{"rendered":"<p>PROCESO \u00daNICO DE ADMISI\u00d3N FP B\u00c1SICA &#8211; GRADO MEDIO Y SUPERIOR CURSO 2022-2023 PLAZO DE PRESENTACI\u00d3N DE SOLICITUD E INSTRUCCIONES DEL PROCESO. DEL 19 AL 29 DE MAYO DE 2022 IMPORTANTE: Seg\u00fan Resoluci\u00f3n de 24 de marzo de 2022 de la Conselleria d\u2019Educaci\u00f3, Cultura i Esport por la cual se dictan instrucciones del procedimiento. -PARTICIPACI\u00d3N&hellip;&nbsp;<a href=\"https:\/\/www.iescarlessalvador.es\/?p=2779&#038;lang=es\" class=\"\" rel=\"bookmark\">Leer m\u00e1s &raquo;<span class=\"screen-reader-text\">Admisi\u00f3n Formaci\u00f3n Profesional<\/span><\/a><\/p>\n","protected":false},"author":1,"featured_media":0,"comment_status":"open","ping_status":"open","sticky":false,"template":"","format":"standard","meta":{"rop_custom_images_group":[],"rop_custom_messages_group":[],"rop_publish_now":"initial","rop_publish_now_accounts":[],"rop_publish_now_history":[],"rop_publish_now_status":"pending","neve_meta_sidebar":"","neve_meta_container":"","neve_meta_enable_content_width":"off","neve_meta_content_width":0,"neve_meta_title_alignment":"","neve_meta_author_avatar":"","neve_post_elements_order":"","neve_meta_disable_header":"","neve_meta_disable_footer":"","neve_meta_disable_title":"","footnotes":""},"categories":[1],"tags":[],"class_list":["post-2779","post","type-post","status-publish","format-standard","hentry","category-sin-categoria"],"_links":{"self":[{"href":"https:\/\/www.iescarlessalvador.es\/index.php?rest_route=\/wp\/v2\/posts\/2779","targetHints":{"allow":["GET"]}}],"collection":[{"href":"https:\/\/www.iescarlessalvador.es\/index.php?rest_route=\/wp\/v2\/posts"}],"about":[{"href":"https:\/\/www.iescarlessalvador.es\/index.php?rest_route=\/wp\/v2\/types\/post"}],"author":[{"embeddable":true,"href":"https:\/\/www.iescarlessalvador.es\/index.php?rest_route=\/wp\/v2\/users\/1"}],"replies":[{"embeddable":true,"href":"https:\/\/www.iescarlessalvador.es\/index.php?rest_route=%2Fwp%2Fv2%2Fcomments&post=2779"}],"version-history":[{"count":3,"href":"https:\/\/www.iescarlessalvador.es\/index.php?rest_route=\/wp\/v2\/posts\/2779\/revisions"}],"predecessor-version":[{"id":2788,"href":"https:\/\/www.iescarlessalvador.es\/index.php?rest_route=\/wp\/v2\/posts\/2779\/revisions\/2788"}],"wp:attachment":[{"href":"https:\/\/www.iescarlessalvador.es\/index.php?rest_route=%2Fwp%2Fv2%2Fmedia&parent=2779"}],"wp:term":[{"taxonomy":"category","embeddable":true,"href":"https:\/\/www.iescarlessalvador.es\/index.php?rest_route=%2Fwp%2Fv2%2Fcategories&post=2779"},{"taxonomy":"post_tag","embeddable":true,"href":"https:\/\/www.iescarlessalvador.es\/index.php?rest_route=%2Fwp%2Fv2%2Ftags&post=2779"}],"curies":[{"name":"wp","href":"https:\/\/api.w.org\/{rel}","templated":true}]}}